{"id":331076,"date":"2026-09-04T08:00:00","date_gmt":"2026-09-04T06:00:00","guid":{"rendered":"https:\/\/www.katia.com\/blog\/?p=331076"},"modified":"2026-09-02T16:15:57","modified_gmt":"2026-09-02T14:15:57","slug":"rivista-cucito-autunno-inverno-belle-epoque","status":"publish","type":"post","link":"https:\/\/www.katia.com\/blog\/it\/rivista-cucito-autunno-inverno-belle-epoque\/","title":{"rendered":"Rivista di cucito Autunno-Inverno 2026\/27 \u2702\ufe0f Cuci l&#8217;universo della Belle \u00c9poque"},"content":{"rendered":"<p class=\"PDq2pG_selectionAnchorContainer\" data-start=\"716\" data-end=\"939\">Ogni collezione inizia con una storia. <strong data-start=\"758\" data-end=\"774\">Belle \u00c9poque<\/strong> \u00e8 nato ispirandosi dallo splendore artistico dei primi del Novecento e dall&#8217;eredit\u00e0 di quelle nonne che ci hanno insegnato a cucire con pazienza, intuizione e cuore. Ora, quella storia continua nella nuova <strong data-start=\"688\" data-end=\"733\">rivista di cucito Autunno-Inverno 2026\/27<\/strong>da Katia Fabrics, un&#8217;edizione che riunisce <strong data-start=\"774\" data-end=\"789\">36 modelli<\/strong> per realizzare capi d&#8217;abbigliamento e accessori ispirati alla collezione Belle \u00c9poque.<\/p>\n<p data-start=\"716\" data-end=\"939\">Pi\u00f9 che una rivista, \u00e8 un invito a trasformare l&#8217;ispirazione della collezione nei vostri progetti personali. Ogni modello \u00e8 stato creato per esaltare la bellezza dei tessuti e aiutarvi a realizzare un guardaroba coordinato per donne, neonati, bambini e accessori.<\/p>\n<p><span class=\"embed-youtube\" style=\"text-align:center; display: block;\"><iframe loading=\"lazy\" class=\"youtube-player\" width=\"1020\" height=\"574\" src=\"https:\/\/www.youtube.com\/embed\/23AjWMrvJKI?version=3&#038;rel=1&#038;showsearch=0&#038;showinfo=1&#038;iv_load_policy=1&#038;fs=1&#038;hl=it-IT&#038;autohide=2&#038;wmode=transparent\" allowfullscreen=\"true\" style=\"border:0;\" sandbox=\"allow-scripts allow-same-origin allow-popups allow-presentation allow-popups-to-escape-sandbox\"><\/iframe><\/span><\/p>\n<p style=\"text-align: center;\" data-start=\"1159\" data-end=\"1368\"><a class=\"wp-block-button__link wp-element-button\" href=\"https:\/\/www.katia.com\/IT\/tessuti.html?promo[]=NEW\" target=\"_blank\" rel=\"noreferrer noopener\">ENTRA NELL&#8217;UNIVERSO DELLA BELLE \u00c9POQUE\u00a0<\/a><\/p>\n<h2 data-start=\"1159\" data-end=\"1368\">36 modelli per creare un guardaroba per tutta la famiglia<\/h2>\n<p class=\"PDq2pG_selectionAnchorContainer\" data-start=\"1420\" data-end=\"1508\">La nuova <strong>rivista di cucito autunno-inverno<\/strong> include <strong data-start=\"1092\" data-end=\"1107\">36 modelli<\/strong> per creare un guardaroba completo con i tessuti della nuova collezione Belle \u00c9poque di Katia Fabrics.<\/p>\n<p data-start=\"1510\" data-end=\"1535\">Troverai modelli per:<\/p>\n<ul data-start=\"1537\" data-end=\"1575\">\n<li data-section-id=\"16w2lm5\" data-start=\"1537\" data-end=\"1544\">Donna: abiti, camicette, gonne, giacche e capi dalle silhouette contemporanee.<\/li>\n<li data-section-id=\"19bbsd3\" data-start=\"1545\" data-end=\"1555\">Bambini: modelli comodi e accattivanti per accompagnarvi in ogni avventura.<\/li>\n<li data-section-id=\"1j42684\" data-start=\"1556\" data-end=\"1562\">Neonati: capi delicati per i primi mesi.<\/li>\n<li data-section-id=\"mcfcnr\" data-start=\"1563\" data-end=\"1575\">Accessori: borse, necessaire e accessori che completano qualsiasi look home made.<\/li>\n<\/ul>\n<p data-start=\"1711\" data-end=\"1846\">Ogni motivo combina l&#8217;eleganza della Belle \u00c9poque con un approccio contemporaneo, creando un perfetto equilibrio tra tradizione e modernit\u00e0.<\/p>\n<p data-start=\"1711\" data-end=\"1846\"><a href=\"https:\/\/www.katia.com\/revista.php?idRevista=5528&amp;utm_source=katia&amp;utm_medium=kfb&amp;utm_campaign=magazines&amp;utm_content\"><img loading=\"lazy\" decoding=\"async\" class=\"aligncenter\" src=\"https:\/\/i0.wp.com\/www.katia.com\/blog\/wp-content\/uploads\/2026\/07\/revista-patrones-de-costura-Belle-epoque.jpg?resize=550%2C714&#038;ssl=1\" alt=\"Interior de la revista de costura Oto\u00f1o-Invierno Belle \u00c9poque con patrones de costura\" width=\"550\" height=\"714\" data-recalc-dims=\"1\" \/><\/a><\/p>\n<h3 data-start=\"1711\" data-end=\"1846\">Torna Il formato cartaceo della rivista<\/h3>\n<p class=\"PDq2pG_selectionAnchorContainer\" data-start=\"1893\" data-end=\"2007\">Una delle novit\u00e0 pi\u00f9 attese di questa edizione \u00e8 il ritorno al <strong data-start=\"1961\" data-end=\"2006\">formato fisico tradizionale (21 \u00d7 27,5 cm)<\/strong>.<\/p>\n<p data-start=\"2009\" data-end=\"2144\">Sappiamo che a molti piace sfogliare le pagine, segnare i modelli preferiti e consultare la rivista mentre cuciono. Questa edizione \u00e8 pensata per ispirarvi in ogni progetto e diventare un prezioso complemento alla vostra biblioteca di cucito.<\/p>\n<p data-start=\"2146\" data-end=\"2161\">Comprende inoltre:<\/p>\n<ul data-start=\"2163\" data-end=\"2419\">\n<li data-section-id=\"ffftnt\" data-start=\"2163\" data-end=\"2233\"><strong data-start=\"2165\" data-end=\"2189\">19 modelli stampati<\/strong> per neonati, bambini e donne.<\/li>\n<li data-section-id=\"1wg89b\" data-start=\"2234\" data-end=\"2298\"><strong data-start=\"2236\" data-end=\"2265\">17 modelli di accessori<\/strong> scaricabili tramite codice QR.<\/li>\n<li data-section-id=\"e4nztd\" data-start=\"2299\" data-end=\"2339\"><strong>Istruzioni illustrate<\/strong> in <strong data-start=\"2325\" data-end=\"2338\">6 lingue<\/strong> per tutti i modelli, \u00e8 possibile accedervi tramite un codice QR.<\/li>\n<li data-section-id=\"gulwon\" data-start=\"2340\" data-end=\"2419\">Fotografie suggestive che mostrano diversi tessuti della collezione per ispirare i vostri prossimi progetti.<\/li>\n<\/ul>\n<p style=\"text-align: center;\"><a class=\"wp-block-button__link wp-element-button\" href=\"https:\/\/www.katia.com\/revista.php?idRevista=5528&amp;utm_source=katia&amp;utm_medium=kfb&amp;utm_campaign=magazines&amp;utm_content\" target=\"_blank\" rel=\"noreferrer noopener\">\ud83d\uded2 SCOPRI LA RIVISTA DI CUCITO AUTUNNO\/INVERNO 26\/27<\/a><\/p>\n<h2 class=\"PDq2pG_selectionAnchorContainer\" data-section-id=\"9u8qls\" data-start=\"2426\" data-end=\"2475\">Fantasie pensate per i tessuti Belle \u00c9poque<\/h2>\n<p data-start=\"2477\" data-end=\"2544\">I modelli presentati in questa rivista sono stati ideati per valorizzare al massimo i tessuti della collezione.<\/p>\n<p data-start=\"2546\" data-end=\"2768\">Jacquard strutturati, tessuti d&#8217;ispirazione orientale, rasi luminosi e stampe floreali trovano il perfetto equilibrio in questi modelli per dare vita a capi eleganti, pieni di movimento e dallo stile inconfondibile.<\/p>\n<p data-start=\"2770\" data-end=\"2830\">Non devi far altro che scegliere il tuo tessuto preferito e iniziare a creare.<\/p>\n<p data-start=\"2770\" data-end=\"2830\"><a href=\"https:\/\/www.katia.com\/ES\/telas.html?promo[]=NEW\"><img loading=\"lazy\" decoding=\"async\" class=\"aligncenter\" src=\"https:\/\/i0.wp.com\/www.katia.com\/blog\/wp-content\/uploads\/2026\/06\/Tejidos-Belle-epoque-AW-26-27-Katia-Fabrics.jpg?resize=1020%2C1020&#038;ssl=1\" alt=\"Telas Belle \u00c9poque de Katia Fabrics para confeccionar prendas y accesorios\" width=\"1020\" height=\"1020\" data-recalc-dims=\"1\" \/><\/a><\/p>\n<p style=\"text-align: center;\" data-start=\"2770\" data-end=\"2830\"><a class=\"wp-block-button__link wp-element-button\" href=\"https:\/\/www.katia.com\/IT\/tessuti.html?promo[]=NEW\" target=\"_blank\" rel=\"noreferrer noopener\">SCOPRI LA NUOVA COLLEZIONE DI TESSUTI\u00a0<\/a><\/p>\n<h2 data-section-id=\"19np8uj\" data-start=\"3608\" data-end=\"3649\">Scopri la nuova rivista Belle \u00c9poque<\/h2>\n<p data-start=\"3651\" data-end=\"3789\">Lasciati ispirare da <strong data-start=\"3671\" data-end=\"3686\">36 modelli<\/strong> che uniscono romanticismo, tendenza e creativit\u00e0 per dare forma ai tuoi prossimi progetti di cucito.<\/p>\n<p data-start=\"3651\" data-end=\"3789\">Esplora la nuova <strong data-start=\"3237\" data-end=\"3282\">rivista di cucito Autunno-Inverno 2026\/27<\/strong> e cuce l&#8217;universo della Belle \u00c9poque con i tessuti della collezione.<\/p>\n<p style=\"text-align: center;\" data-start=\"3651\" data-end=\"3789\"><a class=\"wp-block-button__link wp-element-button\" href=\"https:\/\/www.katia.com\/revista.php?idRevista=5528&amp;utm_source=katia&amp;utm_medium=kfb&amp;utm_campaign=magazines&amp;utm_content\" target=\"_blank\" rel=\"noreferrer noopener\">CONSULTA LA RIVISTA DI CUCITO AUTUNNO\/INVERNO 26\/27<\/a><\/p>\n<p data-start=\"3651\" data-end=\"3789\">\n","protected":false},"excerpt":{"rendered":"<p>La nuova rivista di cucito autunno-inverno include 36 modelli per creare un guardaroba completo con i tessuti della nuova collezione Belle \u00c9poque di Katia Fabrics.<\/p>\n","protected":false},"author":7,"featured_media":330446,"comment_status":"open","ping_status":"closed","sticky":false,"template":"","format":"standard","meta":{"_acf_changed":false,"inline_featured_image":false,"footnotes":""},"categories":[12023,12014,12020,12010],"tags":[12927,12935,13221,13272,13425,14863],"acf":[],"yoast_head":"<!-- This site is optimized with the Yoast SEO plugin v22.1 - https:\/\/yoast.com\/wordpress\/plugins\/seo\/ -->\n<title>Rivista di cucito Autunno-Inverno 2026\/27 \u2702\ufe0f Belle \u00c9poque<\/title>\n<meta name=\"description\" content=\"La nuova rivista di cucito autunno-inverno include 36 modelli con i tessuti della nuova collezione Belle \u00c9poque di Katia Fabrics.\" \/>\n<meta name=\"robots\" content=\"index, follow, max-snippet:-1, max-image-preview:large, max-video-preview:-1\" \/>\n<link rel=\"canonical\" href=\"https:\/\/www.katia.com\/blog\/it\/rivista-cucito-autunno-inverno-belle-epoque\/\" \/>\n<meta property=\"og:locale\" content=\"it_IT\" \/>\n<meta property=\"og:type\" content=\"article\" \/>\n<meta property=\"og:title\" content=\"Rivista di cucito Autunno-Inverno 2026\/27 \u2702\ufe0f Belle \u00c9poque\" \/>\n<meta property=\"og:description\" content=\"La nuova rivista di cucito autunno-inverno include 36 modelli con i tessuti della nuova collezione Belle \u00c9poque di Katia Fabrics.\" \/>\n<meta property=\"og:url\" content=\"https:\/\/www.katia.com\/blog\/it\/rivista-cucito-autunno-inverno-belle-epoque\/\" \/>\n<meta property=\"og:site_name\" content=\"Blog di cucito, uncinetto e lavoro a maglia | Blog di Katia\" \/>\n<meta property=\"article:publisher\" content=\"https:\/\/www.facebook.com\/KatiaYarns\/\" \/>\n<meta property=\"article:published_time\" content=\"2026-09-04T06:00:00+00:00\" \/>\n<meta property=\"article:modified_time\" content=\"2026-09-02T14:15:57+00:00\" \/>\n<meta property=\"og:image\" content=\"https:\/\/i0.wp.com\/www.katia.com\/blog\/wp-content\/uploads\/2026\/07\/Belle-epoque-26-27-m.jpg?fit=800%2C865&ssl=1\" \/>\n\t<meta property=\"og:image:width\" content=\"800\" \/>\n\t<meta property=\"og:image:height\" content=\"865\" \/>\n\t<meta property=\"og:image:type\" content=\"image\/jpeg\" \/>\n<meta name=\"author\" content=\"Emilie Roter | Katia Team\" \/>\n<meta name=\"twitter:card\" content=\"summary_large_image\" \/>\n<meta name=\"twitter:creator\" content=\"@katiayarns\" \/>\n<meta name=\"twitter:site\" content=\"@katiayarns\" \/>\n<meta name=\"twitter:label1\" content=\"Scritto da\" \/>\n\t<meta name=\"twitter:data1\" content=\"Emilie Roter | Katia Team\" \/>\n\t<meta name=\"twitter:label2\" content=\"Tempo di lettura stimato\" \/>\n\t<meta name=\"twitter:data2\" content=\"3 minuti\" \/>\n<script type=\"application\/ld+json\" class=\"yoast-schema-graph\">{\"@context\":\"https:\/\/schema.org\",\"@graph\":[{\"@type\":\"Article\",\"@id\":\"https:\/\/www.katia.com\/blog\/it\/rivista-cucito-autunno-inverno-belle-epoque\/#article\",\"isPartOf\":{\"@id\":\"https:\/\/www.katia.com\/blog\/it\/rivista-cucito-autunno-inverno-belle-epoque\/\"},\"author\":{\"name\":\"Emilie Roter | Katia Team\",\"@id\":\"https:\/\/www.katia.com\/blog\/it\/#\/schema\/person\/57179398c88db19cf9bac525353b0953\"},\"headline\":\"Rivista di cucito Autunno-Inverno 2026\/27 \u2702\ufe0f Cuci l&#8217;universo della Belle \u00c9poque\",\"datePublished\":\"2026-09-04T06:00:00+00:00\",\"dateModified\":\"2026-09-02T14:15:57+00:00\",\"mainEntityOfPage\":{\"@id\":\"https:\/\/www.katia.com\/blog\/it\/rivista-cucito-autunno-inverno-belle-epoque\/\"},\"wordCount\":442,\"commentCount\":0,\"publisher\":{\"@id\":\"https:\/\/www.katia.com\/blog\/it\/#organization\"},\"keywords\":[\"modelli di cucito\",\"rivista di cucito\",\"modelli di cucito per donna\",\"rivista di modelli\",\"modelli di cucito per bambini\",\"belle epoque\"],\"articleSection\":[\"Moda e Accessori\",\"Cucito\",\"Materiali\",\"Tendenze Autunno Inverno\"],\"inLanguage\":\"it-IT\",\"potentialAction\":[{\"@type\":\"CommentAction\",\"name\":\"Comment\",\"target\":[\"https:\/\/www.katia.com\/blog\/it\/rivista-cucito-autunno-inverno-belle-epoque\/#respond\"]}]},{\"@type\":\"WebPage\",\"@id\":\"https:\/\/www.katia.com\/blog\/it\/rivista-cucito-autunno-inverno-belle-epoque\/\",\"url\":\"https:\/\/www.katia.com\/blog\/it\/rivista-cucito-autunno-inverno-belle-epoque\/\",\"name\":\"Rivista di cucito Autunno-Inverno 2026\/27 \u2702\ufe0f Belle \u00c9poque\",\"isPartOf\":{\"@id\":\"https:\/\/www.katia.com\/blog\/it\/#website\"},\"datePublished\":\"2026-09-04T06:00:00+00:00\",\"dateModified\":\"2026-09-02T14:15:57+00:00\",\"description\":\"La nuova rivista di cucito autunno-inverno include 36 modelli con i tessuti della nuova collezione Belle \u00c9poque di Katia Fabrics.\",\"breadcrumb\":{\"@id\":\"https:\/\/www.katia.com\/blog\/it\/rivista-cucito-autunno-inverno-belle-epoque\/#breadcrumb\"},\"inLanguage\":\"it-IT\",\"potentialAction\":[{\"@type\":\"ReadAction\",\"target\":[\"https:\/\/www.katia.com\/blog\/it\/rivista-cucito-autunno-inverno-belle-epoque\/\"]}]},{\"@type\":\"BreadcrumbList\",\"@id\":\"https:\/\/www.katia.com\/blog\/it\/rivista-cucito-autunno-inverno-belle-epoque\/#breadcrumb\",\"itemListElement\":[{\"@type\":\"ListItem\",\"position\":1,\"name\":\"Blog\",\"item\":\"https:\/\/www.katia.com\/blog\/it\/\"},{\"@type\":\"ListItem\",\"position\":2,\"name\":\"Rivista di cucito Autunno-Inverno 2026\/27 \u2702\ufe0f Cuci l&#8217;universo della Belle \u00c9poque\"}]},{\"@type\":\"WebSite\",\"@id\":\"https:\/\/www.katia.com\/blog\/it\/#website\",\"url\":\"https:\/\/www.katia.com\/blog\/it\/\",\"name\":\"www.katia.com\",\"description\":\"Il tuo blog di uncinetto, lavoro a maglia, cucito o macram\u00e8 con tutorial per imparare e idee per lavorare e cucire capi unici. Blog di Katia, per spiriti creativi\\n\",\"publisher\":{\"@id\":\"https:\/\/www.katia.com\/blog\/it\/#organization\"},\"potentialAction\":[{\"@type\":\"SearchAction\",\"target\":{\"@type\":\"EntryPoint\",\"urlTemplate\":\"https:\/\/www.katia.com\/blog\/it\/?s={search_term_string}\"},\"query-input\":\"required name=search_term_string\"}],\"inLanguage\":\"it-IT\"},{\"@type\":\"Organization\",\"@id\":\"https:\/\/www.katia.com\/blog\/it\/#organization\",\"name\":\"Fil Katia, S.A\",\"url\":\"https:\/\/www.katia.com\/blog\/it\/\",\"logo\":{\"@type\":\"ImageObject\",\"inLanguage\":\"it-IT\",\"@id\":\"https:\/\/www.katia.com\/blog\/it\/#\/schema\/logo\/image\/\",\"url\":\"https:\/\/www.katia.com\/blog\/wp-content\/uploads\/2016\/12\/logo_katia.svg\",\"contentUrl\":\"https:\/\/www.katia.com\/blog\/wp-content\/uploads\/2016\/12\/logo_katia.svg\",\"width\":\"600\",\"height\":\"1200\",\"caption\":\"Fil Katia, S.A\"},\"image\":{\"@id\":\"https:\/\/www.katia.com\/blog\/it\/#\/schema\/logo\/image\/\"},\"sameAs\":[\"https:\/\/www.facebook.com\/KatiaYarns\/\",\"https:\/\/twitter.com\/katiayarns\",\"http:\/\/instagram.com\/katiayarns\",\"https:\/\/www.linkedin.com\/company\/fil-katia\/\",\"https:\/\/www.pinterest.com\/KatiaYarns\/\",\"https:\/\/www.youtube.com\/c\/KatiaYarnsFabrics\/videos\",\"https:\/\/www.tiktok.com\/@katiacrafts\",\"https:\/\/www.instagram.com\/katiafabrics\"]},{\"@type\":\"Person\",\"@id\":\"https:\/\/www.katia.com\/blog\/it\/#\/schema\/person\/57179398c88db19cf9bac525353b0953\",\"name\":\"Emilie Roter | Katia Team\",\"description\":\"En Katia creamos hilos y lanas para labores desde hace m\u00e1s de 70 a\u00f1os. Cada temporada desarrollamos nuevos hilos de calidad marca Katia, WOW!, Lanas Stop y Concept by Katia. Inspirados en nuestra amplia y variada colecci\u00f3n de ovillos, tambi\u00e9n publicamos revistas de patrones para tejer prendas y accesorios de Mujer, Hombre, Ni\u00f1os, Beb\u00e9 y Hogar.\",\"sameAs\":[\"https:\/\/www.katia.com\/\"],\"url\":\"https:\/\/www.katia.com\/blog\/it\/author\/katia-blog\/\"}]}<\/script>\n<!-- \/ Yoast SEO plugin. -->","yoast_head_json":{"title":"Rivista di cucito Autunno-Inverno 2026\/27 \u2702\ufe0f Belle \u00c9poque","description":"La nuova rivista di cucito autunno-inverno include 36 modelli con i tessuti della nuova collezione Belle \u00c9poque di Katia Fabrics.","robots":{"index":"index","follow":"follow","max-snippet":"max-snippet:-1","max-image-preview":"max-image-preview:large","max-video-preview":"max-video-preview:-1"},"canonical":"https:\/\/www.katia.com\/blog\/it\/rivista-cucito-autunno-inverno-belle-epoque\/","og_locale":"it_IT","og_type":"article","og_title":"Rivista di cucito Autunno-Inverno 2026\/27 \u2702\ufe0f Belle \u00c9poque","og_description":"La nuova rivista di cucito autunno-inverno include 36 modelli con i tessuti della nuova collezione Belle \u00c9poque di Katia Fabrics.","og_url":"https:\/\/www.katia.com\/blog\/it\/rivista-cucito-autunno-inverno-belle-epoque\/","og_site_name":"Blog di cucito, uncinetto e lavoro a maglia | Blog di Katia","article_publisher":"https:\/\/www.facebook.com\/KatiaYarns\/","article_published_time":"2026-09-04T06:00:00+00:00","article_modified_time":"2026-09-02T14:15:57+00:00","og_image":[{"width":800,"height":865,"url":"https:\/\/i0.wp.com\/www.katia.com\/blog\/wp-content\/uploads\/2026\/07\/Belle-epoque-26-27-m.jpg?fit=800%2C865&ssl=1","type":"image\/jpeg"}],"author":"Emilie Roter | Katia Team","twitter_card":"summary_large_image","twitter_creator":"@katiayarns","twitter_site":"@katiayarns","twitter_misc":{"Scritto da":"Emilie Roter | Katia Team","Tempo di lettura stimato":"3 minuti"},"schema":{"@context":"https:\/\/schema.org","@graph":[{"@type":"Article","@id":"https:\/\/www.katia.com\/blog\/it\/rivista-cucito-autunno-inverno-belle-epoque\/#article","isPartOf":{"@id":"https:\/\/www.katia.com\/blog\/it\/rivista-cucito-autunno-inverno-belle-epoque\/"},"author":{"name":"Emilie Roter | Katia Team","@id":"https:\/\/www.katia.com\/blog\/it\/#\/schema\/person\/57179398c88db19cf9bac525353b0953"},"headline":"Rivista di cucito Autunno-Inverno 2026\/27 \u2702\ufe0f Cuci l&#8217;universo della Belle \u00c9poque","datePublished":"2026-09-04T06:00:00+00:00","dateModified":"2026-09-02T14:15:57+00:00","mainEntityOfPage":{"@id":"https:\/\/www.katia.com\/blog\/it\/rivista-cucito-autunno-inverno-belle-epoque\/"},"wordCount":442,"commentCount":0,"publisher":{"@id":"https:\/\/www.katia.com\/blog\/it\/#organization"},"keywords":["modelli di cucito","rivista di cucito","modelli di cucito per donna","rivista di modelli","modelli di cucito per bambini","belle epoque"],"articleSection":["Moda e Accessori","Cucito","Materiali","Tendenze Autunno Inverno"],"inLanguage":"it-IT","potentialAction":[{"@type":"CommentAction","name":"Comment","target":["https:\/\/www.katia.com\/blog\/it\/rivista-cucito-autunno-inverno-belle-epoque\/#respond"]}]},{"@type":"WebPage","@id":"https:\/\/www.katia.com\/blog\/it\/rivista-cucito-autunno-inverno-belle-epoque\/","url":"https:\/\/www.katia.com\/blog\/it\/rivista-cucito-autunno-inverno-belle-epoque\/","name":"Rivista di cucito Autunno-Inverno 2026\/27 \u2702\ufe0f Belle \u00c9poque","isPartOf":{"@id":"https:\/\/www.katia.com\/blog\/it\/#website"},"datePublished":"2026-09-04T06:00:00+00:00","dateModified":"2026-09-02T14:15:57+00:00","description":"La nuova rivista di cucito autunno-inverno include 36 modelli con i tessuti della nuova collezione Belle \u00c9poque di Katia Fabrics.","breadcrumb":{"@id":"https:\/\/www.katia.com\/blog\/it\/rivista-cucito-autunno-inverno-belle-epoque\/#breadcrumb"},"inLanguage":"it-IT","potentialAction":[{"@type":"ReadAction","target":["https:\/\/www.katia.com\/blog\/it\/rivista-cucito-autunno-inverno-belle-epoque\/"]}]},{"@type":"BreadcrumbList","@id":"https:\/\/www.katia.com\/blog\/it\/rivista-cucito-autunno-inverno-belle-epoque\/#breadcrumb","itemListElement":[{"@type":"ListItem","position":1,"name":"Blog","item":"https:\/\/www.katia.com\/blog\/it\/"},{"@type":"ListItem","position":2,"name":"Rivista di cucito Autunno-Inverno 2026\/27 \u2702\ufe0f Cuci l&#8217;universo della Belle \u00c9poque"}]},{"@type":"WebSite","@id":"https:\/\/www.katia.com\/blog\/it\/#website","url":"https:\/\/www.katia.com\/blog\/it\/","name":"www.katia.com","description":"Il tuo blog di uncinetto, lavoro a maglia, cucito o macram\u00e8 con tutorial per imparare e idee per lavorare e cucire capi unici. Blog di Katia, per spiriti creativi\n","publisher":{"@id":"https:\/\/www.katia.com\/blog\/it\/#organization"},"potentialAction":[{"@type":"SearchAction","target":{"@type":"EntryPoint","urlTemplate":"https:\/\/www.katia.com\/blog\/it\/?s={search_term_string}"},"query-input":"required name=search_term_string"}],"inLanguage":"it-IT"},{"@type":"Organization","@id":"https:\/\/www.katia.com\/blog\/it\/#organization","name":"Fil Katia, S.A","url":"https:\/\/www.katia.com\/blog\/it\/","logo":{"@type":"ImageObject","inLanguage":"it-IT","@id":"https:\/\/www.katia.com\/blog\/it\/#\/schema\/logo\/image\/","url":"https:\/\/www.katia.com\/blog\/wp-content\/uploads\/2016\/12\/logo_katia.svg","contentUrl":"https:\/\/www.katia.com\/blog\/wp-content\/uploads\/2016\/12\/logo_katia.svg","width":"600","height":"1200","caption":"Fil Katia, S.A"},"image":{"@id":"https:\/\/www.katia.com\/blog\/it\/#\/schema\/logo\/image\/"},"sameAs":["https:\/\/www.facebook.com\/KatiaYarns\/","https:\/\/twitter.com\/katiayarns","http:\/\/instagram.com\/katiayarns","https:\/\/www.linkedin.com\/company\/fil-katia\/","https:\/\/www.pinterest.com\/KatiaYarns\/","https:\/\/www.youtube.com\/c\/KatiaYarnsFabrics\/videos","https:\/\/www.tiktok.com\/@katiacrafts","https:\/\/www.instagram.com\/katiafabrics"]},{"@type":"Person","@id":"https:\/\/www.katia.com\/blog\/it\/#\/schema\/person\/57179398c88db19cf9bac525353b0953","name":"Emilie Roter | Katia Team","description":"En Katia creamos hilos y lanas para labores desde hace m\u00e1s de 70 a\u00f1os. Cada temporada desarrollamos nuevos hilos de calidad marca Katia, WOW!, Lanas Stop y Concept by Katia. Inspirados en nuestra amplia y variada colecci\u00f3n de ovillos, tambi\u00e9n publicamos revistas de patrones para tejer prendas y accesorios de Mujer, Hombre, Ni\u00f1os, Beb\u00e9 y Hogar.","sameAs":["https:\/\/www.katia.com\/"],"url":"https:\/\/www.katia.com\/blog\/it\/author\/katia-blog\/"}]}},"jetpack_featured_media_url":"https:\/\/i0.wp.com\/www.katia.com\/blog\/wp-content\/uploads\/2026\/07\/Belle-epoque-26-27-m.jpg?fit=800%2C865&ssl=1","jetpack_likes_enabled":true,"jetpack_shortlink":"https:\/\/wp.me\/peUVQy-1o7W","jetpack_sharing_enabled":true,"_links":{"self":[{"href":"https:\/\/www.katia.com\/blog\/it\/wp-json\/wp\/v2\/posts\/331076"}],"collection":[{"href":"https:\/\/www.katia.com\/blog\/it\/wp-json\/wp\/v2\/posts"}],"about":[{"href":"https:\/\/www.katia.com\/blog\/it\/wp-json\/wp\/v2\/types\/post"}],"author":[{"embeddable":true,"href":"https:\/\/www.katia.com\/blog\/it\/wp-json\/wp\/v2\/users\/7"}],"replies":[{"embeddable":true,"href":"https:\/\/www.katia.com\/blog\/it\/wp-json\/wp\/v2\/comments?post=331076"}],"version-history":[{"count":1,"href":"https:\/\/www.katia.com\/blog\/it\/wp-json\/wp\/v2\/posts\/331076\/revisions"}],"predecessor-version":[{"id":331077,"href":"https:\/\/www.katia.com\/blog\/it\/wp-json\/wp\/v2\/posts\/331076\/revisions\/331077"}],"wp:featuredmedia":[{"embeddable":true,"href":"https:\/\/www.katia.com\/blog\/it\/wp-json\/wp\/v2\/media\/330446"}],"wp:attachment":[{"href":"https:\/\/www.katia.com\/blog\/it\/wp-json\/wp\/v2\/media?parent=331076"}],"wp:term":[{"taxonomy":"category","embeddable":true,"href":"https:\/\/www.katia.com\/blog\/it\/wp-json\/wp\/v2\/categories?post=331076"},{"taxonomy":"post_tag","embeddable":true,"href":"https:\/\/www.katia.com\/blog\/it\/wp-json\/wp\/v2\/tags?post=331076"}],"curies":[{"name":"wp","href":"https:\/\/api.w.org\/{rel}","templated":true}]}}