{"id":77272,"date":"2015-03-03T12:47:18","date_gmt":"2015-03-03T11:47:18","guid":{"rendered":"https:\/\/www.katia.com\/blog\/reto-marzo-chal-calado-floral\/"},"modified":"2024-03-08T12:03:52","modified_gmt":"2024-03-08T11:03:52","slug":"reto-marzo-chal-calado-floral","status":"publish","type":"post","link":"https:\/\/www.katia.com\/blog\/es\/reto-marzo-chal-calado-floral\/","title":{"rendered":"El Reto de marzo: Chal floral con Merino 100%"},"content":{"rendered":"<p><a href=\"https:\/\/i0.wp.com\/www.katia.com\/blog\/es\/wp-content\/uploads\/2015\/03\/chal-katia-merino-01.jpg?ssl=1\"><img loading=\"lazy\" decoding=\"async\" class=\"alignnone size-large wp-image-3837\" src=\"https:\/\/i0.wp.com\/www.katia.com\/blog\/es\/wp-content\/uploads\/2015\/03\/chal-katia-merino-01-564x376.jpg?resize=564%2C376&#038;ssl=1\" alt=\"chal-katia-merino-01\" width=\"564\" height=\"376\" data-recalc-dims=\"1\" \/><\/a><\/p>\n<p>\u00bfQu\u00e9 podemos decir? Irene de <strong>Things to Knit<\/strong> siempre sorprende con sus propuestas mensuales de <a href=\"https:\/\/www.katia.com\/blog\/es\/category\/tutoriales-costura-patrones-crochet-punto\/patrones-calcetines-punto\/\" target=\"_blank\" rel=\"noopener noreferrer\"><em>El Reto<\/em><\/a>. Marzo lo protagoniza este precioso <strong>chal<\/strong> <strong>con calados<\/strong> <strong>y<\/strong> <strong>motivos florales<\/strong> tejido con <a href=\"https:\/\/www.katia.com\/lana.php?idLana=merino100\" target=\"_blank\" rel=\"noopener noreferrer\"><strong>Katia Merino 100%<\/strong><\/a>. Si te animas a\u00a0participar en El Reto ent\u00e9rate c\u00f3mo en esta entrada\u00a0y, si ya eres un habitual, ve directamente\u00a0al proyecto\u00a0de este mes aqu\u00ed.\u00a0Irene ha tejido el suyo en mostaza (color 12), pero tienes hasta\u00a0<strong>45 colores<\/strong>\u00a0para elegir (descarga la carta de color).\u00a0\u00a1Agarra tus agujas y teje un fant\u00e1stico complemento con el que dar la bienvenida a la primavera!<\/p>\n<p><a href=\"https:\/\/i0.wp.com\/www.katia.com\/blog\/es\/wp-content\/uploads\/2015\/03\/chal-katia-merino-03.jpg?ssl=1\"><img loading=\"lazy\" decoding=\"async\" src=\"https:\/\/i0.wp.com\/www.katia.com\/blog\/es\/wp-content\/uploads\/2015\/03\/chal-katia-merino-03-564x376.jpg?resize=564%2C376&#038;ssl=1\" alt=\"chal-katia-merino-03\" width=\"564\" height=\"376\" data-recalc-dims=\"1\" \/><\/a><\/p>\n<p><a href=\"https:\/\/i0.wp.com\/www.katia.com\/blog\/es\/wp-content\/uploads\/2015\/03\/chal-katia-merino-04.jpg?ssl=1\"><img loading=\"lazy\" decoding=\"async\" class=\"alignnone size-large wp-image-3840\" src=\"https:\/\/i0.wp.com\/www.katia.com\/blog\/es\/wp-content\/uploads\/2015\/03\/chal-katia-merino-04-564x421.jpg?resize=564%2C421&#038;ssl=1\" alt=\"chal-katia-merino-04\" width=\"564\" height=\"421\" data-recalc-dims=\"1\" \/><\/a><\/p>\n<p><a href=\"https:\/\/i0.wp.com\/www.katia.com\/blog\/es\/wp-content\/uploads\/2015\/03\/chal-katia-merino-02.jpg?ssl=1\"><img loading=\"lazy\" decoding=\"async\" class=\"alignnone size-large wp-image-3838\" src=\"https:\/\/i0.wp.com\/www.katia.com\/blog\/es\/wp-content\/uploads\/2015\/03\/chal-katia-merino-02-564x376.jpg?resize=564%2C376&#038;ssl=1\" alt=\"chal-katia-merino-02\" width=\"564\" height=\"376\" data-recalc-dims=\"1\" \/><\/a><\/p>\n","protected":false},"excerpt":{"rendered":"<p>\u00bfQu\u00e9 podemos decir? Irene de Things to Knit siempre sorprende con sus propuestas mensuales de El Reto. Marzo lo protagoniza este precioso chal con calados y motivos florales tejido con Katia Merino 100%. Si te animas a\u00a0participar en El Reto ent\u00e9rate c\u00f3mo en esta entrada\u00a0y, si ya eres un habitual, ve directamente\u00a0al proyecto\u00a0de este mes&hellip;<\/p>\n","protected":false},"author":4,"featured_media":107259,"comment_status":"open","ping_status":"open","sticky":false,"template":"","format":"standard","meta":{"_acf_changed":false,"inline_featured_image":false,"footnotes":""},"categories":[1],"tags":[1057,1207,1517,2223],"acf":[],"yoast_head":"<!-- This site is optimized with the Yoast SEO plugin v22.1 - https:\/\/yoast.com\/wordpress\/plugins\/seo\/ -->\n<title>El Reto de marzo: Chal floral con Merino 100%<\/title>\n<meta name=\"description\" content=\"Marzo lo protagoniza este precioso chal con calados y motivos florales tejido con Katia Merino 100%.\" \/>\n<meta name=\"robots\" content=\"index, follow, max-snippet:-1, max-image-preview:large, max-video-preview:-1\" \/>\n<link rel=\"canonical\" href=\"https:\/\/www.katia.com\/blog\/es\/reto-marzo-chal-calado-floral\/\" \/>\n<meta property=\"og:locale\" content=\"es_ES\" \/>\n<meta property=\"og:type\" content=\"article\" \/>\n<meta property=\"og:title\" content=\"El Reto de marzo: Chal floral con Merino 100%\" \/>\n<meta property=\"og:description\" content=\"Marzo lo protagoniza este precioso chal con calados y motivos florales tejido con Katia Merino 100%.\" \/>\n<meta property=\"og:url\" content=\"https:\/\/www.katia.com\/blog\/es\/reto-marzo-chal-calado-floral\/\" \/>\n<meta property=\"og:site_name\" content=\"Blog de costura, ganchillo y punto | Blog de Katia\" \/>\n<meta property=\"article:publisher\" content=\"https:\/\/www.facebook.com\/KatiaYarns\/\" \/>\n<meta property=\"article:author\" content=\"https:\/\/www.facebook.com\/KatiaLanas\" \/>\n<meta property=\"article:published_time\" content=\"2015-03-03T11:47:18+00:00\" \/>\n<meta property=\"article:modified_time\" content=\"2024-03-08T11:03:52+00:00\" \/>\n<meta property=\"og:image\" content=\"https:\/\/i0.wp.com\/www.katia.com\/blog\/wp-content\/uploads\/2023\/05\/chal-katia-merino-01-564x376-1.jpg?fit=564%2C376&ssl=1\" \/>\n\t<meta property=\"og:image:width\" content=\"564\" \/>\n\t<meta property=\"og:image:height\" content=\"376\" \/>\n\t<meta property=\"og:image:type\" content=\"image\/jpeg\" \/>\n<meta name=\"author\" content=\"Katia\" \/>\n<meta name=\"twitter:card\" content=\"summary_large_image\" \/>\n<meta name=\"twitter:creator\" content=\"@KatiaYarns\" \/>\n<meta name=\"twitter:site\" content=\"@katiayarns\" \/>\n<meta name=\"twitter:label1\" content=\"Escrito por\" \/>\n\t<meta name=\"twitter:data1\" content=\"Katia\" \/>\n<script type=\"application\/ld+json\" class=\"yoast-schema-graph\">{\"@context\":\"https:\/\/schema.org\",\"@graph\":[{\"@type\":\"Article\",\"@id\":\"https:\/\/www.katia.com\/blog\/es\/reto-marzo-chal-calado-floral\/#article\",\"isPartOf\":{\"@id\":\"https:\/\/www.katia.com\/blog\/es\/reto-marzo-chal-calado-floral\/\"},\"author\":{\"name\":\"Katia\",\"@id\":\"https:\/\/www.katia.com\/blog\/es\/#\/schema\/person\/68f5af43d77306dd7f2dcc275d13e057\"},\"headline\":\"El Reto de marzo: Chal floral con Merino 100%\",\"datePublished\":\"2015-03-03T11:47:18+00:00\",\"dateModified\":\"2024-03-08T11:03:52+00:00\",\"mainEntityOfPage\":{\"@id\":\"https:\/\/www.katia.com\/blog\/es\/reto-marzo-chal-calado-floral\/\"},\"wordCount\":106,\"commentCount\":7,\"publisher\":{\"@id\":\"https:\/\/www.katia.com\/blog\/es\/#organization\"},\"keywords\":[\"chales\",\"calados\",\"things to knit\",\"merino 100%\"],\"articleSection\":[\"Sin categorizar\"],\"inLanguage\":\"es\",\"potentialAction\":[{\"@type\":\"CommentAction\",\"name\":\"Comment\",\"target\":[\"https:\/\/www.katia.com\/blog\/es\/reto-marzo-chal-calado-floral\/#respond\"]}]},{\"@type\":\"WebPage\",\"@id\":\"https:\/\/www.katia.com\/blog\/es\/reto-marzo-chal-calado-floral\/\",\"url\":\"https:\/\/www.katia.com\/blog\/es\/reto-marzo-chal-calado-floral\/\",\"name\":\"El Reto de marzo: Chal floral con Merino 100%\",\"isPartOf\":{\"@id\":\"https:\/\/www.katia.com\/blog\/es\/#website\"},\"datePublished\":\"2015-03-03T11:47:18+00:00\",\"dateModified\":\"2024-03-08T11:03:52+00:00\",\"description\":\"Marzo lo protagoniza este precioso chal con calados y motivos florales tejido con Katia Merino 100%.\",\"breadcrumb\":{\"@id\":\"https:\/\/www.katia.com\/blog\/es\/reto-marzo-chal-calado-floral\/#breadcrumb\"},\"inLanguage\":\"es\",\"potentialAction\":[{\"@type\":\"ReadAction\",\"target\":[\"https:\/\/www.katia.com\/blog\/es\/reto-marzo-chal-calado-floral\/\"]}]},{\"@type\":\"BreadcrumbList\",\"@id\":\"https:\/\/www.katia.com\/blog\/es\/reto-marzo-chal-calado-floral\/#breadcrumb\",\"itemListElement\":[{\"@type\":\"ListItem\",\"position\":1,\"name\":\"Blog\",\"item\":\"https:\/\/www.katia.com\/blog\/es\/\"},{\"@type\":\"ListItem\",\"position\":2,\"name\":\"El Reto de marzo: Chal floral con Merino 100%\"}]},{\"@type\":\"WebSite\",\"@id\":\"https:\/\/www.katia.com\/blog\/es\/#website\",\"url\":\"https:\/\/www.katia.com\/blog\/es\/\",\"name\":\"www.katia.com\",\"description\":\"Tu blog de crochet, punto, costura o macram\u00e9 con tutoriales para aprender e ideas para tejer y coser piezas \u00fanicas. Blog de Katia, para esp\u00edritus creativos.\",\"publisher\":{\"@id\":\"https:\/\/www.katia.com\/blog\/es\/#organization\"},\"potentialAction\":[{\"@type\":\"SearchAction\",\"target\":{\"@type\":\"EntryPoint\",\"urlTemplate\":\"https:\/\/www.katia.com\/blog\/es\/?s={search_term_string}\"},\"query-input\":\"required name=search_term_string\"}],\"inLanguage\":\"es\"},{\"@type\":\"Organization\",\"@id\":\"https:\/\/www.katia.com\/blog\/es\/#organization\",\"name\":\"Fil Katia, S.A\",\"url\":\"https:\/\/www.katia.com\/blog\/es\/\",\"logo\":{\"@type\":\"ImageObject\",\"inLanguage\":\"es\",\"@id\":\"https:\/\/www.katia.com\/blog\/es\/#\/schema\/logo\/image\/\",\"url\":\"https:\/\/www.katia.com\/blog\/wp-content\/uploads\/2016\/12\/logo_katia.svg\",\"contentUrl\":\"https:\/\/www.katia.com\/blog\/wp-content\/uploads\/2016\/12\/logo_katia.svg\",\"width\":\"600\",\"height\":\"1200\",\"caption\":\"Fil Katia, S.A\"},\"image\":{\"@id\":\"https:\/\/www.katia.com\/blog\/es\/#\/schema\/logo\/image\/\"},\"sameAs\":[\"https:\/\/www.facebook.com\/KatiaYarns\/\",\"https:\/\/twitter.com\/katiayarns\",\"http:\/\/instagram.com\/katiayarns\",\"https:\/\/www.linkedin.com\/company\/fil-katia\/\",\"https:\/\/www.pinterest.com\/KatiaYarns\/\",\"https:\/\/www.youtube.com\/c\/KatiaYarnsFabrics\/videos\",\"https:\/\/www.tiktok.com\/@katiacrafts\",\"https:\/\/www.instagram.com\/katiafabrics\"]},{\"@type\":\"Person\",\"@id\":\"https:\/\/www.katia.com\/blog\/es\/#\/schema\/person\/68f5af43d77306dd7f2dcc275d13e057\",\"name\":\"Katia\",\"sameAs\":[\"https:\/\/www.katia.com\/blog\/es\/\",\"https:\/\/www.facebook.com\/KatiaLanas\",\"https:\/\/www.pinterest.es\/KatiaYarns\/\",\"https:\/\/twitter.com\/KatiaYarns\",\"https:\/\/www.youtube.com\/user\/filkatia\"],\"url\":\"https:\/\/www.katia.com\/blog\/es\/author\/katia_admin\/\"}]}<\/script>\n<!-- \/ Yoast SEO plugin. -->","yoast_head_json":{"title":"El Reto de marzo: Chal floral con Merino 100%","description":"Marzo lo protagoniza este precioso chal con calados y motivos florales tejido con Katia Merino 100%.","robots":{"index":"index","follow":"follow","max-snippet":"max-snippet:-1","max-image-preview":"max-image-preview:large","max-video-preview":"max-video-preview:-1"},"canonical":"https:\/\/www.katia.com\/blog\/es\/reto-marzo-chal-calado-floral\/","og_locale":"es_ES","og_type":"article","og_title":"El Reto de marzo: Chal floral con Merino 100%","og_description":"Marzo lo protagoniza este precioso chal con calados y motivos florales tejido con Katia Merino 100%.","og_url":"https:\/\/www.katia.com\/blog\/es\/reto-marzo-chal-calado-floral\/","og_site_name":"Blog de costura, ganchillo y punto | Blog de Katia","article_publisher":"https:\/\/www.facebook.com\/KatiaYarns\/","article_author":"https:\/\/www.facebook.com\/KatiaLanas","article_published_time":"2015-03-03T11:47:18+00:00","article_modified_time":"2024-03-08T11:03:52+00:00","og_image":[{"width":564,"height":376,"url":"https:\/\/i0.wp.com\/www.katia.com\/blog\/wp-content\/uploads\/2023\/05\/chal-katia-merino-01-564x376-1.jpg?fit=564%2C376&ssl=1","type":"image\/jpeg"}],"author":"Katia","twitter_card":"summary_large_image","twitter_creator":"@KatiaYarns","twitter_site":"@katiayarns","twitter_misc":{"Escrito por":"Katia"},"schema":{"@context":"https:\/\/schema.org","@graph":[{"@type":"Article","@id":"https:\/\/www.katia.com\/blog\/es\/reto-marzo-chal-calado-floral\/#article","isPartOf":{"@id":"https:\/\/www.katia.com\/blog\/es\/reto-marzo-chal-calado-floral\/"},"author":{"name":"Katia","@id":"https:\/\/www.katia.com\/blog\/es\/#\/schema\/person\/68f5af43d77306dd7f2dcc275d13e057"},"headline":"El Reto de marzo: Chal floral con Merino 100%","datePublished":"2015-03-03T11:47:18+00:00","dateModified":"2024-03-08T11:03:52+00:00","mainEntityOfPage":{"@id":"https:\/\/www.katia.com\/blog\/es\/reto-marzo-chal-calado-floral\/"},"wordCount":106,"commentCount":7,"publisher":{"@id":"https:\/\/www.katia.com\/blog\/es\/#organization"},"keywords":["chales","calados","things to knit","merino 100%"],"articleSection":["Sin categorizar"],"inLanguage":"es","potentialAction":[{"@type":"CommentAction","name":"Comment","target":["https:\/\/www.katia.com\/blog\/es\/reto-marzo-chal-calado-floral\/#respond"]}]},{"@type":"WebPage","@id":"https:\/\/www.katia.com\/blog\/es\/reto-marzo-chal-calado-floral\/","url":"https:\/\/www.katia.com\/blog\/es\/reto-marzo-chal-calado-floral\/","name":"El Reto de marzo: Chal floral con Merino 100%","isPartOf":{"@id":"https:\/\/www.katia.com\/blog\/es\/#website"},"datePublished":"2015-03-03T11:47:18+00:00","dateModified":"2024-03-08T11:03:52+00:00","description":"Marzo lo protagoniza este precioso chal con calados y motivos florales tejido con Katia Merino 100%.","breadcrumb":{"@id":"https:\/\/www.katia.com\/blog\/es\/reto-marzo-chal-calado-floral\/#breadcrumb"},"inLanguage":"es","potentialAction":[{"@type":"ReadAction","target":["https:\/\/www.katia.com\/blog\/es\/reto-marzo-chal-calado-floral\/"]}]},{"@type":"BreadcrumbList","@id":"https:\/\/www.katia.com\/blog\/es\/reto-marzo-chal-calado-floral\/#breadcrumb","itemListElement":[{"@type":"ListItem","position":1,"name":"Blog","item":"https:\/\/www.katia.com\/blog\/es\/"},{"@type":"ListItem","position":2,"name":"El Reto de marzo: Chal floral con Merino 100%"}]},{"@type":"WebSite","@id":"https:\/\/www.katia.com\/blog\/es\/#website","url":"https:\/\/www.katia.com\/blog\/es\/","name":"www.katia.com","description":"Tu blog de crochet, punto, costura o macram\u00e9 con tutoriales para aprender e ideas para tejer y coser piezas \u00fanicas. Blog de Katia, para esp\u00edritus creativos.","publisher":{"@id":"https:\/\/www.katia.com\/blog\/es\/#organization"},"potentialAction":[{"@type":"SearchAction","target":{"@type":"EntryPoint","urlTemplate":"https:\/\/www.katia.com\/blog\/es\/?s={search_term_string}"},"query-input":"required name=search_term_string"}],"inLanguage":"es"},{"@type":"Organization","@id":"https:\/\/www.katia.com\/blog\/es\/#organization","name":"Fil Katia, S.A","url":"https:\/\/www.katia.com\/blog\/es\/","logo":{"@type":"ImageObject","inLanguage":"es","@id":"https:\/\/www.katia.com\/blog\/es\/#\/schema\/logo\/image\/","url":"https:\/\/www.katia.com\/blog\/wp-content\/uploads\/2016\/12\/logo_katia.svg","contentUrl":"https:\/\/www.katia.com\/blog\/wp-content\/uploads\/2016\/12\/logo_katia.svg","width":"600","height":"1200","caption":"Fil Katia, S.A"},"image":{"@id":"https:\/\/www.katia.com\/blog\/es\/#\/schema\/logo\/image\/"},"sameAs":["https:\/\/www.facebook.com\/KatiaYarns\/","https:\/\/twitter.com\/katiayarns","http:\/\/instagram.com\/katiayarns","https:\/\/www.linkedin.com\/company\/fil-katia\/","https:\/\/www.pinterest.com\/KatiaYarns\/","https:\/\/www.youtube.com\/c\/KatiaYarnsFabrics\/videos","https:\/\/www.tiktok.com\/@katiacrafts","https:\/\/www.instagram.com\/katiafabrics"]},{"@type":"Person","@id":"https:\/\/www.katia.com\/blog\/es\/#\/schema\/person\/68f5af43d77306dd7f2dcc275d13e057","name":"Katia","sameAs":["https:\/\/www.katia.com\/blog\/es\/","https:\/\/www.facebook.com\/KatiaLanas","https:\/\/www.pinterest.es\/KatiaYarns\/","https:\/\/twitter.com\/KatiaYarns","https:\/\/www.youtube.com\/user\/filkatia"],"url":"https:\/\/www.katia.com\/blog\/es\/author\/katia_admin\/"}]}},"jetpack_featured_media_url":"https:\/\/i0.wp.com\/www.katia.com\/blog\/wp-content\/uploads\/2023\/05\/chal-katia-merino-01-564x376-1.jpg?fit=564%2C376&ssl=1","jetpack_likes_enabled":true,"jetpack_shortlink":"https:\/\/wp.me\/peUVQy-k6k","jetpack_sharing_enabled":true,"_links":{"self":[{"href":"https:\/\/www.katia.com\/blog\/es\/wp-json\/wp\/v2\/posts\/77272"}],"collection":[{"href":"https:\/\/www.katia.com\/blog\/es\/wp-json\/wp\/v2\/posts"}],"about":[{"href":"https:\/\/www.katia.com\/blog\/es\/wp-json\/wp\/v2\/types\/post"}],"author":[{"embeddable":true,"href":"https:\/\/www.katia.com\/blog\/es\/wp-json\/wp\/v2\/users\/4"}],"replies":[{"embeddable":true,"href":"https:\/\/www.katia.com\/blog\/es\/wp-json\/wp\/v2\/comments?post=77272"}],"version-history":[{"count":2,"href":"https:\/\/www.katia.com\/blog\/es\/wp-json\/wp\/v2\/posts\/77272\/revisions"}],"predecessor-version":[{"id":298677,"href":"https:\/\/www.katia.com\/blog\/es\/wp-json\/wp\/v2\/posts\/77272\/revisions\/298677"}],"wp:featuredmedia":[{"embeddable":true,"href":"https:\/\/www.katia.com\/blog\/es\/wp-json\/wp\/v2\/media\/107259"}],"wp:attachment":[{"href":"https:\/\/www.katia.com\/blog\/es\/wp-json\/wp\/v2\/media?parent=77272"}],"wp:term":[{"taxonomy":"category","embeddable":true,"href":"https:\/\/www.katia.com\/blog\/es\/wp-json\/wp\/v2\/categories?post=77272"},{"taxonomy":"post_tag","embeddable":true,"href":"https:\/\/www.katia.com\/blog\/es\/wp-json\/wp\/v2\/tags?post=77272"}],"curies":[{"name":"wp","href":"https:\/\/api.w.org\/{rel}","templated":true}]}}