{"id":77193,"date":"2014-06-03T14:55:16","date_gmt":"2014-06-03T12:55:16","guid":{"rendered":"https:\/\/www.katia.com\/blog\/patron-calcetines-calados-face-fox-gratuito\/"},"modified":"2024-03-12T15:31:26","modified_gmt":"2024-03-12T14:31:26","slug":"patron-calcetines-calados-face-fox-gratuito","status":"publish","type":"post","link":"https:\/\/www.katia.com\/blog\/es\/patron-calcetines-calados-face-fox-gratuito\/","title":{"rendered":"Junio de zorritos calados y anaranjados"},"content":{"rendered":"<p><img loading=\"lazy\" decoding=\"async\" class=\"size-full wp-image-2714 aligncenter\" alt=\"patr\u00f3n-calcetines-face-fox-calados\" src=\"https:\/\/i0.wp.com\/www.katia.com\/blog\/es\/wp-content\/uploads\/2014\/06\/PORTADA-junio.jpg?resize=567%2C378&#038;ssl=1\" width=\"567\" height=\"378\" data-recalc-dims=\"1\" \/><\/p>\n<p>Desde la combinaci\u00f3n <a href=\"https:\/\/www.katia.com\/blog\/es\/comienza-el-reto-calcetines-de-enero\/\" target=\"_blank\" rel=\"noopener noreferrer\">color liso con color degradado de enero<\/a>, pasando por los peque\u00f1os <a href=\"https:\/\/www.katia.com\/blog\/es\/reto-calcetines-lana-katia-ovillo-merino\/\" target=\"_blank\" rel=\"noopener noreferrer\">corazones calados de febrero<\/a>, siguiendo <a href=\"https:\/\/www.katia.com\/blog\/es\/patron-calcetines-tejidos-punto-reto-marzo-lanas-katia\/\" target=\"_blank\" rel=\"noopener noreferrer\">la estela de un cometa en marzo<\/a>, navegando por las <a href=\"https:\/\/www.katia.com\/blog\/es\/patron-calcetines-tejidos-abril-paris-knit-socks\/\" target=\"_blank\" rel=\"noopener noreferrer\">aguas del Sena en abril<\/a> y con un mes de <a href=\"https:\/\/www.katia.com\/blog\/es\/patron-calcetines-rombo-katia-ole-socks-komfort-tweed\/\" target=\"_blank\" rel=\"noopener noreferrer\">mayo a rombos jaspeados<\/a>&#8230; llegamos a junio con estos preciosos calcetines formados por caras de zorritos caladas y anaranjadas.<\/p>\n<p><img loading=\"lazy\" decoding=\"async\" class=\"size-full wp-image-2710 aligncenter\" alt=\"patr\u00f3n-calcetines-face-fox-calados-3\" src=\"https:\/\/i0.wp.com\/www.katia.com\/blog\/es\/wp-content\/uploads\/2014\/06\/combinado3.jpg?resize=567%2C378&#038;ssl=1\" width=\"567\" height=\"378\" data-recalc-dims=\"1\" \/><\/p>\n<p><img loading=\"lazy\" decoding=\"async\" class=\"size-full wp-image-2713 aligncenter\" alt=\"patr\u00f3n-calcetines-face-fox-calados-1\" src=\"https:\/\/i0.wp.com\/www.katia.com\/blog\/es\/wp-content\/uploads\/2014\/06\/IMG_8051.jpg?resize=567%2C378&#038;ssl=1\" width=\"567\" height=\"378\" data-recalc-dims=\"1\" \/><\/p>\n<p>Para estos 30 d\u00edas del mes\u00a0Irene de\u00a0<strong>Things to knit<\/strong>\u00a0propone tejer, nuevamente con <a href=\"https:\/\/www.katia.com\/lana.php?idLana=dolcemerino\" target=\"_blank\" rel=\"noopener noreferrer\">Katia Dolce Merino<\/a>, este\u00a0par de calcetines naranja intenso. Si a\u00fan no te has atrevido a <strong>tejer<\/strong> <strong>calados,<\/strong>\u00a0<strong>calcetines\u00a0<\/strong>o ambas cosas a la vez, \u00a1an\u00edmate! Gracias a la traducci\u00f3n del patr\u00f3n original (<em>Fox<\/em> <em>Faces<\/em> <em>Socks<\/em> de Nancy Bush) acompa\u00f1ado de alg\u00fan <strong>v\u00eddeo<\/strong> <strong>explicativo<\/strong> <strong>y<\/strong> <strong>anotaciones<\/strong> de la propia Irene, tejer este par de calcetines te resultar\u00e1 mucho m\u00e1s f\u00e1cil de lo que imaginas.<\/p>\n<p><img loading=\"lazy\" decoding=\"async\" class=\"size-full wp-image-2711 aligncenter\" alt=\"patr\u00f3n-calcetines-face-fox-calados-2\" src=\"https:\/\/i0.wp.com\/www.katia.com\/blog\/es\/wp-content\/uploads\/2014\/06\/IMG_8042.jpg?resize=567%2C378&#038;ssl=1\" width=\"567\" height=\"378\" data-recalc-dims=\"1\" \/><\/p>\n<p>Enero, febrero, marzo, abril, mayo y junio. As\u00ed es, con estos zorritos de color naranja llegamos al ecuador de <em>El<\/em> <em>Reto<\/em> <em>12<\/em> <em>meses<\/em>, <em>12<\/em> <em>calcetines<\/em>&#8230; Si quieres <a href=\"http:\/\/www.ravelry.com\/groups\/things-to-knit---blog\" target=\"_blank\" rel=\"noopener noreferrer\">tejer junto a m\u00e1s de 200 tejedoras<\/a>, disfrutar de los primeros 6 patrones y dejarte sorprender por los siguientes 6 pares de 2014, \u00a1ap\u00fantate a El Reto!<\/p>\n<p style=\"text-align: center;\"><a href=\"https:\/\/www.katia.com\/blog\/es\/category\/tutoriales-costura-patrones-crochet-punto\/patrones-calcetines-punto\/\" target=\"_blank\" rel=\"noopener noreferrer\"><img loading=\"lazy\" decoding=\"async\" class=\"size-full wp-image-2716 aligncenter\" alt=\"el-reto-katia-6\" src=\"https:\/\/i0.wp.com\/www.katia.com\/blog\/es\/wp-content\/uploads\/2014\/06\/el-reto-katia-6.jpg?resize=555%2C388&#038;ssl=1\" width=\"555\" height=\"388\" data-recalc-dims=\"1\" \/><\/a><\/p>\n","protected":false},"excerpt":{"rendered":"<p>Desde la combinaci\u00f3n color liso con color degradado de enero, pasando por los peque\u00f1os corazones calados de febrero, siguiendo la estela de un cometa en marzo, navegando por las aguas del Sena en abril y con un mes de mayo a rombos jaspeados&#8230; llegamos a junio con estos preciosos calcetines formados por caras de zorritos&hellip;<\/p>\n","protected":false},"author":2,"featured_media":154488,"comment_status":"open","ping_status":"closed","sticky":false,"template":"","format":"standard","meta":{"_acf_changed":false,"inline_featured_image":false,"footnotes":""},"categories":[11892,11891],"tags":[1235,1517,12795],"acf":[],"yoast_head":"<!-- This site is optimized with the Yoast SEO plugin v22.1 - https:\/\/yoast.com\/wordpress\/plugins\/seo\/ -->\n<title>Junio de zorritos calados y anaranjados - Blog de costura, ganchillo y punto | Blog de Katia<\/title>\n<meta name=\"robots\" content=\"index, follow, max-snippet:-1, max-image-preview:large, max-video-preview:-1\" \/>\n<link rel=\"canonical\" href=\"https:\/\/www.katia.com\/blog\/es\/patron-calcetines-calados-face-fox-gratuito\/\" \/>\n<meta property=\"og:locale\" content=\"es_ES\" \/>\n<meta property=\"og:type\" content=\"article\" \/>\n<meta property=\"og:title\" content=\"Junio de zorritos calados y anaranjados - Blog de costura, ganchillo y punto | Blog de Katia\" \/>\n<meta property=\"og:description\" content=\"Desde la combinaci\u00f3n color liso con color degradado de enero, pasando por los peque\u00f1os corazones calados de febrero, siguiendo la estela de un cometa en marzo, navegando por las aguas del Sena en abril y con un mes de mayo a rombos jaspeados&#8230; llegamos a junio con estos preciosos calcetines formados por caras de zorritos&hellip;\" \/>\n<meta property=\"og:url\" content=\"https:\/\/www.katia.com\/blog\/es\/patron-calcetines-calados-face-fox-gratuito\/\" \/>\n<meta property=\"og:site_name\" content=\"Blog de costura, ganchillo y punto | Blog de Katia\" \/>\n<meta property=\"article:publisher\" content=\"https:\/\/www.facebook.com\/KatiaYarns\/\" \/>\n<meta property=\"article:published_time\" content=\"2014-06-03T12:55:16+00:00\" \/>\n<meta property=\"article:modified_time\" content=\"2024-03-12T14:31:26+00:00\" \/>\n<meta property=\"og:image\" content=\"https:\/\/www.katia.com\/blog\/wp-content\/uploads\/2023\/06\/combinado2.jpg\" \/>\n\t<meta property=\"og:image:width\" content=\"567\" \/>\n\t<meta property=\"og:image:height\" content=\"378\" \/>\n\t<meta property=\"og:image:type\" content=\"image\/jpeg\" \/>\n<meta name=\"author\" content=\"Marisa Guerrero | Katia Team\" \/>\n<meta name=\"twitter:card\" content=\"summary_large_image\" \/>\n<meta name=\"twitter:creator\" content=\"@katiayarns\" \/>\n<meta name=\"twitter:site\" content=\"@katiayarns\" \/>\n<meta name=\"twitter:label1\" content=\"Escrito por\" \/>\n\t<meta name=\"twitter:data1\" content=\"Marisa Guerrero | Katia Team\" \/>\n\t<meta name=\"twitter:label2\" content=\"Tiempo de lectura\" \/>\n\t<meta name=\"twitter:data2\" content=\"1 minuto\" \/>\n<script type=\"application\/ld+json\" class=\"yoast-schema-graph\">{\"@context\":\"https:\/\/schema.org\",\"@graph\":[{\"@type\":\"Article\",\"@id\":\"https:\/\/www.katia.com\/blog\/es\/patron-calcetines-calados-face-fox-gratuito\/#article\",\"isPartOf\":{\"@id\":\"https:\/\/www.katia.com\/blog\/es\/patron-calcetines-calados-face-fox-gratuito\/\"},\"author\":{\"name\":\"Marisa Guerrero | Katia Team\",\"@id\":\"https:\/\/www.katia.com\/blog\/es\/#\/schema\/person\/7f7e1104097c12cdcd6f14538e89f243\"},\"headline\":\"Junio de zorritos calados y anaranjados\",\"datePublished\":\"2014-06-03T12:55:16+00:00\",\"dateModified\":\"2024-03-12T14:31:26+00:00\",\"mainEntityOfPage\":{\"@id\":\"https:\/\/www.katia.com\/blog\/es\/patron-calcetines-calados-face-fox-gratuito\/\"},\"wordCount\":204,\"commentCount\":2,\"publisher\":{\"@id\":\"https:\/\/www.katia.com\/blog\/es\/#organization\"},\"keywords\":[\"tejer\",\"things to knit\",\"calcetines\"],\"articleSection\":[\"Punto\",\"Tutoriales y patrones\"],\"inLanguage\":\"es\",\"potentialAction\":[{\"@type\":\"CommentAction\",\"name\":\"Comment\",\"target\":[\"https:\/\/www.katia.com\/blog\/es\/patron-calcetines-calados-face-fox-gratuito\/#respond\"]}]},{\"@type\":\"WebPage\",\"@id\":\"https:\/\/www.katia.com\/blog\/es\/patron-calcetines-calados-face-fox-gratuito\/\",\"url\":\"https:\/\/www.katia.com\/blog\/es\/patron-calcetines-calados-face-fox-gratuito\/\",\"name\":\"Junio de zorritos calados y anaranjados - Blog de costura, ganchillo y punto | Blog de Katia\",\"isPartOf\":{\"@id\":\"https:\/\/www.katia.com\/blog\/es\/#website\"},\"datePublished\":\"2014-06-03T12:55:16+00:00\",\"dateModified\":\"2024-03-12T14:31:26+00:00\",\"breadcrumb\":{\"@id\":\"https:\/\/www.katia.com\/blog\/es\/patron-calcetines-calados-face-fox-gratuito\/#breadcrumb\"},\"inLanguage\":\"es\",\"potentialAction\":[{\"@type\":\"ReadAction\",\"target\":[\"https:\/\/www.katia.com\/blog\/es\/patron-calcetines-calados-face-fox-gratuito\/\"]}]},{\"@type\":\"BreadcrumbList\",\"@id\":\"https:\/\/www.katia.com\/blog\/es\/patron-calcetines-calados-face-fox-gratuito\/#breadcrumb\",\"itemListElement\":[{\"@type\":\"ListItem\",\"position\":1,\"name\":\"Blog\",\"item\":\"https:\/\/www.katia.com\/blog\/es\/\"},{\"@type\":\"ListItem\",\"position\":2,\"name\":\"Junio de zorritos calados y anaranjados\"}]},{\"@type\":\"WebSite\",\"@id\":\"https:\/\/www.katia.com\/blog\/es\/#website\",\"url\":\"https:\/\/www.katia.com\/blog\/es\/\",\"name\":\"www.katia.com\",\"description\":\"Tu blog de crochet, punto, costura o macram\u00e9 con tutoriales para aprender e ideas para tejer y coser piezas \u00fanicas. Blog de Katia, para esp\u00edritus creativos.\",\"publisher\":{\"@id\":\"https:\/\/www.katia.com\/blog\/es\/#organization\"},\"potentialAction\":[{\"@type\":\"SearchAction\",\"target\":{\"@type\":\"EntryPoint\",\"urlTemplate\":\"https:\/\/www.katia.com\/blog\/es\/?s={search_term_string}\"},\"query-input\":\"required name=search_term_string\"}],\"inLanguage\":\"es\"},{\"@type\":\"Organization\",\"@id\":\"https:\/\/www.katia.com\/blog\/es\/#organization\",\"name\":\"Fil Katia, S.A\",\"url\":\"https:\/\/www.katia.com\/blog\/es\/\",\"logo\":{\"@type\":\"ImageObject\",\"inLanguage\":\"es\",\"@id\":\"https:\/\/www.katia.com\/blog\/es\/#\/schema\/logo\/image\/\",\"url\":\"https:\/\/www.katia.com\/blog\/wp-content\/uploads\/2016\/12\/logo_katia.svg\",\"contentUrl\":\"https:\/\/www.katia.com\/blog\/wp-content\/uploads\/2016\/12\/logo_katia.svg\",\"width\":\"600\",\"height\":\"1200\",\"caption\":\"Fil Katia, S.A\"},\"image\":{\"@id\":\"https:\/\/www.katia.com\/blog\/es\/#\/schema\/logo\/image\/\"},\"sameAs\":[\"https:\/\/www.facebook.com\/KatiaYarns\/\",\"https:\/\/twitter.com\/katiayarns\",\"http:\/\/instagram.com\/katiayarns\",\"https:\/\/www.linkedin.com\/company\/fil-katia\/\",\"https:\/\/www.pinterest.com\/KatiaYarns\/\",\"https:\/\/www.youtube.com\/c\/KatiaYarnsFabrics\/videos\",\"https:\/\/www.tiktok.com\/@katiacrafts\",\"https:\/\/www.instagram.com\/katiafabrics\"]},{\"@type\":\"Person\",\"@id\":\"https:\/\/www.katia.com\/blog\/es\/#\/schema\/person\/7f7e1104097c12cdcd6f14538e89f243\",\"name\":\"Marisa Guerrero | Katia Team\",\"description\":\"At Katia, we've been creating yarns for crafts for over 70 years. Each season, we develop new high-quality yarns under the Katia, WOW!, Lanas Stop, and Concept by Katia brands. Inspired by our wide and varied collection of yarns, we also publish knitting and crochet pattern magazines for garments and accessories for Women, Men, Kids, Babies, and Home.\",\"url\":\"https:\/\/www.katia.com\/blog\/es\/author\/nuriacastello\/\"}]}<\/script>\n<!-- \/ Yoast SEO plugin. -->","yoast_head_json":{"title":"Junio de zorritos calados y anaranjados - Blog de costura, ganchillo y punto | Blog de Katia","robots":{"index":"index","follow":"follow","max-snippet":"max-snippet:-1","max-image-preview":"max-image-preview:large","max-video-preview":"max-video-preview:-1"},"canonical":"https:\/\/www.katia.com\/blog\/es\/patron-calcetines-calados-face-fox-gratuito\/","og_locale":"es_ES","og_type":"article","og_title":"Junio de zorritos calados y anaranjados - Blog de costura, ganchillo y punto | Blog de Katia","og_description":"Desde la combinaci\u00f3n color liso con color degradado de enero, pasando por los peque\u00f1os corazones calados de febrero, siguiendo la estela de un cometa en marzo, navegando por las aguas del Sena en abril y con un mes de mayo a rombos jaspeados&#8230; llegamos a junio con estos preciosos calcetines formados por caras de zorritos&hellip;","og_url":"https:\/\/www.katia.com\/blog\/es\/patron-calcetines-calados-face-fox-gratuito\/","og_site_name":"Blog de costura, ganchillo y punto | Blog de Katia","article_publisher":"https:\/\/www.facebook.com\/KatiaYarns\/","article_published_time":"2014-06-03T12:55:16+00:00","article_modified_time":"2024-03-12T14:31:26+00:00","og_image":[{"width":567,"height":378,"url":"https:\/\/www.katia.com\/blog\/wp-content\/uploads\/2023\/06\/combinado2.jpg","type":"image\/jpeg"}],"author":"Marisa Guerrero | Katia Team","twitter_card":"summary_large_image","twitter_creator":"@katiayarns","twitter_site":"@katiayarns","twitter_misc":{"Escrito por":"Marisa Guerrero | Katia Team","Tiempo de lectura":"1 minuto"},"schema":{"@context":"https:\/\/schema.org","@graph":[{"@type":"Article","@id":"https:\/\/www.katia.com\/blog\/es\/patron-calcetines-calados-face-fox-gratuito\/#article","isPartOf":{"@id":"https:\/\/www.katia.com\/blog\/es\/patron-calcetines-calados-face-fox-gratuito\/"},"author":{"name":"Marisa Guerrero | Katia Team","@id":"https:\/\/www.katia.com\/blog\/es\/#\/schema\/person\/7f7e1104097c12cdcd6f14538e89f243"},"headline":"Junio de zorritos calados y anaranjados","datePublished":"2014-06-03T12:55:16+00:00","dateModified":"2024-03-12T14:31:26+00:00","mainEntityOfPage":{"@id":"https:\/\/www.katia.com\/blog\/es\/patron-calcetines-calados-face-fox-gratuito\/"},"wordCount":204,"commentCount":2,"publisher":{"@id":"https:\/\/www.katia.com\/blog\/es\/#organization"},"keywords":["tejer","things to knit","calcetines"],"articleSection":["Punto","Tutoriales y patrones"],"inLanguage":"es","potentialAction":[{"@type":"CommentAction","name":"Comment","target":["https:\/\/www.katia.com\/blog\/es\/patron-calcetines-calados-face-fox-gratuito\/#respond"]}]},{"@type":"WebPage","@id":"https:\/\/www.katia.com\/blog\/es\/patron-calcetines-calados-face-fox-gratuito\/","url":"https:\/\/www.katia.com\/blog\/es\/patron-calcetines-calados-face-fox-gratuito\/","name":"Junio de zorritos calados y anaranjados - Blog de costura, ganchillo y punto | Blog de Katia","isPartOf":{"@id":"https:\/\/www.katia.com\/blog\/es\/#website"},"datePublished":"2014-06-03T12:55:16+00:00","dateModified":"2024-03-12T14:31:26+00:00","breadcrumb":{"@id":"https:\/\/www.katia.com\/blog\/es\/patron-calcetines-calados-face-fox-gratuito\/#breadcrumb"},"inLanguage":"es","potentialAction":[{"@type":"ReadAction","target":["https:\/\/www.katia.com\/blog\/es\/patron-calcetines-calados-face-fox-gratuito\/"]}]},{"@type":"BreadcrumbList","@id":"https:\/\/www.katia.com\/blog\/es\/patron-calcetines-calados-face-fox-gratuito\/#breadcrumb","itemListElement":[{"@type":"ListItem","position":1,"name":"Blog","item":"https:\/\/www.katia.com\/blog\/es\/"},{"@type":"ListItem","position":2,"name":"Junio de zorritos calados y anaranjados"}]},{"@type":"WebSite","@id":"https:\/\/www.katia.com\/blog\/es\/#website","url":"https:\/\/www.katia.com\/blog\/es\/","name":"www.katia.com","description":"Tu blog de crochet, punto, costura o macram\u00e9 con tutoriales para aprender e ideas para tejer y coser piezas \u00fanicas. Blog de Katia, para esp\u00edritus creativos.","publisher":{"@id":"https:\/\/www.katia.com\/blog\/es\/#organization"},"potentialAction":[{"@type":"SearchAction","target":{"@type":"EntryPoint","urlTemplate":"https:\/\/www.katia.com\/blog\/es\/?s={search_term_string}"},"query-input":"required name=search_term_string"}],"inLanguage":"es"},{"@type":"Organization","@id":"https:\/\/www.katia.com\/blog\/es\/#organization","name":"Fil Katia, S.A","url":"https:\/\/www.katia.com\/blog\/es\/","logo":{"@type":"ImageObject","inLanguage":"es","@id":"https:\/\/www.katia.com\/blog\/es\/#\/schema\/logo\/image\/","url":"https:\/\/www.katia.com\/blog\/wp-content\/uploads\/2016\/12\/logo_katia.svg","contentUrl":"https:\/\/www.katia.com\/blog\/wp-content\/uploads\/2016\/12\/logo_katia.svg","width":"600","height":"1200","caption":"Fil Katia, S.A"},"image":{"@id":"https:\/\/www.katia.com\/blog\/es\/#\/schema\/logo\/image\/"},"sameAs":["https:\/\/www.facebook.com\/KatiaYarns\/","https:\/\/twitter.com\/katiayarns","http:\/\/instagram.com\/katiayarns","https:\/\/www.linkedin.com\/company\/fil-katia\/","https:\/\/www.pinterest.com\/KatiaYarns\/","https:\/\/www.youtube.com\/c\/KatiaYarnsFabrics\/videos","https:\/\/www.tiktok.com\/@katiacrafts","https:\/\/www.instagram.com\/katiafabrics"]},{"@type":"Person","@id":"https:\/\/www.katia.com\/blog\/es\/#\/schema\/person\/7f7e1104097c12cdcd6f14538e89f243","name":"Marisa Guerrero | Katia Team","description":"At Katia, we've been creating yarns for crafts for over 70 years. Each season, we develop new high-quality yarns under the Katia, WOW!, Lanas Stop, and Concept by Katia brands. Inspired by our wide and varied collection of yarns, we also publish knitting and crochet pattern magazines for garments and accessories for Women, Men, Kids, Babies, and Home.","url":"https:\/\/www.katia.com\/blog\/es\/author\/nuriacastello\/"}]}},"jetpack_featured_media_url":"https:\/\/i0.wp.com\/www.katia.com\/blog\/wp-content\/uploads\/2023\/06\/combinado2.jpg?fit=567%2C378&ssl=1","jetpack_likes_enabled":true,"jetpack_shortlink":"https:\/\/wp.me\/peUVQy-k53","jetpack_sharing_enabled":true,"_links":{"self":[{"href":"https:\/\/www.katia.com\/blog\/es\/wp-json\/wp\/v2\/posts\/77193"}],"collection":[{"href":"https:\/\/www.katia.com\/blog\/es\/wp-json\/wp\/v2\/posts"}],"about":[{"href":"https:\/\/www.katia.com\/blog\/es\/wp-json\/wp\/v2\/types\/post"}],"author":[{"embeddable":true,"href":"https:\/\/www.katia.com\/blog\/es\/wp-json\/wp\/v2\/users\/2"}],"replies":[{"embeddable":true,"href":"https:\/\/www.katia.com\/blog\/es\/wp-json\/wp\/v2\/comments?post=77193"}],"version-history":[{"count":2,"href":"https:\/\/www.katia.com\/blog\/es\/wp-json\/wp\/v2\/posts\/77193\/revisions"}],"predecessor-version":[{"id":299192,"href":"https:\/\/www.katia.com\/blog\/es\/wp-json\/wp\/v2\/posts\/77193\/revisions\/299192"}],"wp:featuredmedia":[{"embeddable":true,"href":"https:\/\/www.katia.com\/blog\/es\/wp-json\/wp\/v2\/media\/154488"}],"wp:attachment":[{"href":"https:\/\/www.katia.com\/blog\/es\/wp-json\/wp\/v2\/media?parent=77193"}],"wp:term":[{"taxonomy":"category","embeddable":true,"href":"https:\/\/www.katia.com\/blog\/es\/wp-json\/wp\/v2\/categories?post=77193"},{"taxonomy":"post_tag","embeddable":true,"href":"https:\/\/www.katia.com\/blog\/es\/wp-json\/wp\/v2\/tags?post=77193"}],"curies":[{"name":"wp","href":"https:\/\/api.w.org\/{rel}","templated":true}]}}