{"id":77115,"date":"2013-07-23T07:11:53","date_gmt":"2013-07-23T05:11:53","guid":{"rendered":"https:\/\/www.katia.com\/blog\/tejer-en-verano\/"},"modified":"2023-06-01T10:46:50","modified_gmt":"2023-06-01T08:46:50","slug":"tejer-en-verano","status":"publish","type":"post","link":"https:\/\/www.katia.com\/blog\/es\/tejer-en-verano\/","title":{"rendered":"Tejer en verano"},"content":{"rendered":"<p>\u00bfSois de los que pens\u00e1is que tejer en verano da calor? QU\u00c9 VA\u2026 \u00a1no tiene por qu\u00e9! Todo depende de las calidades que escojamos para trabajar (desde Katia recomendamos algodones, lino, bamb\u00fa, seda\u2026) pero sobre todo depende del proyecto que seleccionemos.<\/p>\n<p>Hoy os traemos una propuesta muy fresquita y apropiada para los calurosos d\u00edas de verano: los bikinis de crochet. \u00bfOs anim\u00e1is a haceros uno y ser las reinas de la playa o la piscina con un bikini \u00fanico 100% handmade?<\/p>\n<p>Aqu\u00ed os dejamos algunas ideas que hemos encontrado navegando por <a href=\"http:\/\/www.pinterest.com\/KatiaYarns\/\" target=\"_blank\" rel=\"noopener noreferrer\">Pinterest<\/a>. Son todas muy refrescantes. \u00a1Esperamos que os gusten!<\/p>\n<p>Por si os anim\u00e1is a haceros un bikini de crochet como estos\u2026 \u00a1un consejo! Os quedar\u00e1 genial si lo hac\u00e9is con nuestras calidades <a href=\"https:\/\/www.katia.com\/lana.php?idLana=cotton100&amp;lng=ES\" target=\"_blank\" rel=\"noopener noreferrer\">Cotton 100<\/a>, <a href=\"https:\/\/www.katia.com\/lana.php?idLana=panama&amp;lng=ES\" target=\"_blank\" rel=\"noopener noreferrer\">Panam\u00e1<\/a> o <a href=\"https:\/\/www.katia.com\/lana.php?idLana=mali&amp;lng=ES\" target=\"_blank\" rel=\"noopener noreferrer\">Mali<\/a> (para dise\u00f1os lisos) y <a href=\"https:\/\/www.katia.com\/lana.php?idLana=degradesun&amp;lng=ES\" target=\"_blank\" rel=\"noopener noreferrer\">Degrad\u00e9 Sun<\/a>, <a href=\"https:\/\/www.katia.com\/lana.php?idLana=belice&amp;lng=ES\" target=\"_blank\" rel=\"noopener noreferrer\">Belice<\/a> o <a href=\"https:\/\/www.katia.com\/lana.php?idLana=tobago&amp;lng=ES\" target=\"_blank\" rel=\"noopener noreferrer\">Tobago<\/a> (para dise\u00f1os estampados).<\/p>\n<p><img loading=\"lazy\" decoding=\"async\" class=\"alignnone size-full wp-image-1528\" title=\"bikini crochet\" alt=\"\" src=\"https:\/\/i0.wp.com\/www.katia.com\/blog\/es\/wp-content\/uploads\/2013\/07\/bikini_02.jpg?resize=640%2C500&#038;ssl=1\" width=\"640\" height=\"500\" data-recalc-dims=\"1\" \/><\/p>\n<p><img loading=\"lazy\" decoding=\"async\" class=\"alignnone size-full wp-image-1527\" title=\"bikini crochet \" alt=\"\" src=\"https:\/\/i0.wp.com\/www.katia.com\/blog\/es\/wp-content\/uploads\/2013\/07\/bikini_01.jpg?resize=640%2C500&#038;ssl=1\" width=\"640\" height=\"500\" data-recalc-dims=\"1\" \/><\/p>\n<p><img loading=\"lazy\" decoding=\"async\" class=\"alignnone  wp-image-1529\" title=\"bikini crochet\" alt=\"\" src=\"https:\/\/i0.wp.com\/www.katia.com\/blog\/es\/wp-content\/uploads\/2013\/07\/bikini_03.jpg?resize=391%2C500&#038;ssl=1\" width=\"391\" height=\"500\" data-recalc-dims=\"1\" \/><\/p>\n<p><img loading=\"lazy\" decoding=\"async\" class=\"alignnone size-full wp-image-1530\" title=\"bikini crochet\" alt=\"\" src=\"https:\/\/i0.wp.com\/www.katia.com\/blog\/es\/wp-content\/uploads\/2013\/07\/bikini_04.jpg?resize=391%2C500&#038;ssl=1\" width=\"391\" height=\"500\" data-recalc-dims=\"1\" \/><\/p>\n<p><img loading=\"lazy\" decoding=\"async\" class=\"alignnone size-full wp-image-1531\" title=\"bikini crochet\" alt=\"\" src=\"https:\/\/i0.wp.com\/www.katia.com\/blog\/es\/wp-content\/uploads\/2013\/07\/bikini_05.jpg?resize=391%2C500&#038;ssl=1\" width=\"391\" height=\"500\" data-recalc-dims=\"1\" \/><\/p>\n<p><img loading=\"lazy\" decoding=\"async\" class=\"alignnone size-full wp-image-1532\" title=\"bikini crochet\" alt=\"\" src=\"https:\/\/i0.wp.com\/www.katia.com\/blog\/es\/wp-content\/uploads\/2013\/07\/bikini_06.jpg?resize=391%2C500&#038;ssl=1\" width=\"391\" height=\"500\" data-recalc-dims=\"1\" \/><\/p>\n","protected":false},"excerpt":{"rendered":"<p>\u00bfSois de los que pens\u00e1is que tejer en verano da calor? QU\u00c9 VA\u2026 \u00a1no tiene por qu\u00e9! Todo depende de las calidades que escojamos para trabajar (desde Katia recomendamos algodones, lino, bamb\u00fa, seda\u2026) pero sobre todo depende del proyecto que seleccionemos. Hoy os traemos una propuesta muy fresquita y apropiada para los calurosos d\u00edas de&hellip;<\/p>\n","protected":false},"author":4,"featured_media":151800,"comment_status":"open","ping_status":"open","sticky":false,"template":"","format":"standard","meta":{"_acf_changed":false,"inline_featured_image":false,"footnotes":""},"categories":[11903,11889],"tags":[2001],"acf":[],"yoast_head":"<!-- This site is optimized with the Yoast SEO plugin v22.1 - https:\/\/yoast.com\/wordpress\/plugins\/seo\/ -->\n<title>Tejer en verano - Blog de costura, ganchillo y punto | Blog de Katia<\/title>\n<meta name=\"robots\" content=\"index, follow, max-snippet:-1, max-image-preview:large, max-video-preview:-1\" \/>\n<link rel=\"canonical\" href=\"https:\/\/www.katia.com\/blog\/es\/tejer-en-verano\/\" \/>\n<meta property=\"og:locale\" content=\"es_ES\" \/>\n<meta property=\"og:type\" content=\"article\" \/>\n<meta property=\"og:title\" content=\"Tejer en verano - Blog de costura, ganchillo y punto | Blog de Katia\" \/>\n<meta property=\"og:description\" content=\"\u00bfSois de los que pens\u00e1is que tejer en verano da calor? QU\u00c9 VA\u2026 \u00a1no tiene por qu\u00e9! Todo depende de las calidades que escojamos para trabajar (desde Katia recomendamos algodones, lino, bamb\u00fa, seda\u2026) pero sobre todo depende del proyecto que seleccionemos. Hoy os traemos una propuesta muy fresquita y apropiada para los calurosos d\u00edas de&hellip;\" \/>\n<meta property=\"og:url\" content=\"https:\/\/www.katia.com\/blog\/es\/tejer-en-verano\/\" \/>\n<meta property=\"og:site_name\" content=\"Blog de costura, ganchillo y punto | Blog de Katia\" \/>\n<meta property=\"article:publisher\" content=\"https:\/\/www.facebook.com\/KatiaYarns\/\" \/>\n<meta property=\"article:author\" content=\"https:\/\/www.facebook.com\/KatiaLanas\" \/>\n<meta property=\"article:published_time\" content=\"2013-07-23T05:11:53+00:00\" \/>\n<meta property=\"article:modified_time\" content=\"2023-06-01T08:46:50+00:00\" \/>\n<meta property=\"og:image\" content=\"https:\/\/i0.wp.com\/www.katia.com\/blog\/wp-content\/uploads\/2023\/06\/bikini_01.jpg?fit=640%2C500&ssl=1\" \/>\n\t<meta property=\"og:image:width\" content=\"640\" \/>\n\t<meta property=\"og:image:height\" content=\"500\" \/>\n\t<meta property=\"og:image:type\" content=\"image\/jpeg\" \/>\n<meta name=\"author\" content=\"Katia\" \/>\n<meta name=\"twitter:card\" content=\"summary_large_image\" \/>\n<meta name=\"twitter:creator\" content=\"@KatiaYarns\" \/>\n<meta name=\"twitter:site\" content=\"@katiayarns\" \/>\n<meta name=\"twitter:label1\" content=\"Escrito por\" \/>\n\t<meta name=\"twitter:data1\" content=\"Katia\" \/>\n\t<meta name=\"twitter:label2\" content=\"Tiempo de lectura\" \/>\n\t<meta name=\"twitter:data2\" content=\"1 minuto\" \/>\n<script type=\"application\/ld+json\" class=\"yoast-schema-graph\">{\"@context\":\"https:\/\/schema.org\",\"@graph\":[{\"@type\":\"Article\",\"@id\":\"https:\/\/www.katia.com\/blog\/es\/tejer-en-verano\/#article\",\"isPartOf\":{\"@id\":\"https:\/\/www.katia.com\/blog\/es\/tejer-en-verano\/\"},\"author\":{\"name\":\"Katia\",\"@id\":\"https:\/\/www.katia.com\/blog\/es\/#\/schema\/person\/68f5af43d77306dd7f2dcc275d13e057\"},\"headline\":\"Tejer en verano\",\"datePublished\":\"2013-07-23T05:11:53+00:00\",\"dateModified\":\"2023-06-01T08:46:50+00:00\",\"mainEntityOfPage\":{\"@id\":\"https:\/\/www.katia.com\/blog\/es\/tejer-en-verano\/\"},\"wordCount\":148,\"commentCount\":7,\"publisher\":{\"@id\":\"https:\/\/www.katia.com\/blog\/es\/#organization\"},\"keywords\":[\"bikinis\"],\"articleSection\":[\"Moda y complementos\",\"Tendencias Primavera Verano\"],\"inLanguage\":\"es\",\"potentialAction\":[{\"@type\":\"CommentAction\",\"name\":\"Comment\",\"target\":[\"https:\/\/www.katia.com\/blog\/es\/tejer-en-verano\/#respond\"]}]},{\"@type\":\"WebPage\",\"@id\":\"https:\/\/www.katia.com\/blog\/es\/tejer-en-verano\/\",\"url\":\"https:\/\/www.katia.com\/blog\/es\/tejer-en-verano\/\",\"name\":\"Tejer en verano - Blog de costura, ganchillo y punto | Blog de Katia\",\"isPartOf\":{\"@id\":\"https:\/\/www.katia.com\/blog\/es\/#website\"},\"datePublished\":\"2013-07-23T05:11:53+00:00\",\"dateModified\":\"2023-06-01T08:46:50+00:00\",\"breadcrumb\":{\"@id\":\"https:\/\/www.katia.com\/blog\/es\/tejer-en-verano\/#breadcrumb\"},\"inLanguage\":\"es\",\"potentialAction\":[{\"@type\":\"ReadAction\",\"target\":[\"https:\/\/www.katia.com\/blog\/es\/tejer-en-verano\/\"]}]},{\"@type\":\"BreadcrumbList\",\"@id\":\"https:\/\/www.katia.com\/blog\/es\/tejer-en-verano\/#breadcrumb\",\"itemListElement\":[{\"@type\":\"ListItem\",\"position\":1,\"name\":\"Blog\",\"item\":\"https:\/\/www.katia.com\/blog\/es\/\"},{\"@type\":\"ListItem\",\"position\":2,\"name\":\"Tejer en verano\"}]},{\"@type\":\"WebSite\",\"@id\":\"https:\/\/www.katia.com\/blog\/es\/#website\",\"url\":\"https:\/\/www.katia.com\/blog\/es\/\",\"name\":\"www.katia.com\",\"description\":\"Tu blog de crochet, punto, costura o macram\u00e9 con tutoriales para aprender e ideas para tejer y coser piezas \u00fanicas. Blog de Katia, para esp\u00edritus creativos.\",\"publisher\":{\"@id\":\"https:\/\/www.katia.com\/blog\/es\/#organization\"},\"potentialAction\":[{\"@type\":\"SearchAction\",\"target\":{\"@type\":\"EntryPoint\",\"urlTemplate\":\"https:\/\/www.katia.com\/blog\/es\/?s={search_term_string}\"},\"query-input\":\"required name=search_term_string\"}],\"inLanguage\":\"es\"},{\"@type\":\"Organization\",\"@id\":\"https:\/\/www.katia.com\/blog\/es\/#organization\",\"name\":\"Fil Katia, S.A\",\"url\":\"https:\/\/www.katia.com\/blog\/es\/\",\"logo\":{\"@type\":\"ImageObject\",\"inLanguage\":\"es\",\"@id\":\"https:\/\/www.katia.com\/blog\/es\/#\/schema\/logo\/image\/\",\"url\":\"https:\/\/www.katia.com\/blog\/wp-content\/uploads\/2016\/12\/logo_katia.svg\",\"contentUrl\":\"https:\/\/www.katia.com\/blog\/wp-content\/uploads\/2016\/12\/logo_katia.svg\",\"width\":\"600\",\"height\":\"1200\",\"caption\":\"Fil Katia, S.A\"},\"image\":{\"@id\":\"https:\/\/www.katia.com\/blog\/es\/#\/schema\/logo\/image\/\"},\"sameAs\":[\"https:\/\/www.facebook.com\/KatiaYarns\/\",\"https:\/\/twitter.com\/katiayarns\",\"http:\/\/instagram.com\/katiayarns\",\"https:\/\/www.linkedin.com\/company\/fil-katia\/\",\"https:\/\/www.pinterest.com\/KatiaYarns\/\",\"https:\/\/www.youtube.com\/c\/KatiaYarnsFabrics\/videos\",\"https:\/\/www.tiktok.com\/@katiacrafts\",\"https:\/\/www.instagram.com\/katiafabrics\"]},{\"@type\":\"Person\",\"@id\":\"https:\/\/www.katia.com\/blog\/es\/#\/schema\/person\/68f5af43d77306dd7f2dcc275d13e057\",\"name\":\"Katia\",\"sameAs\":[\"https:\/\/www.katia.com\/blog\/es\/\",\"https:\/\/www.facebook.com\/KatiaLanas\",\"https:\/\/www.pinterest.es\/KatiaYarns\/\",\"https:\/\/twitter.com\/KatiaYarns\",\"https:\/\/www.youtube.com\/user\/filkatia\"],\"url\":\"https:\/\/www.katia.com\/blog\/es\/author\/katia_admin\/\"}]}<\/script>\n<!-- \/ Yoast SEO plugin. -->","yoast_head_json":{"title":"Tejer en verano - Blog de costura, ganchillo y punto | Blog de Katia","robots":{"index":"index","follow":"follow","max-snippet":"max-snippet:-1","max-image-preview":"max-image-preview:large","max-video-preview":"max-video-preview:-1"},"canonical":"https:\/\/www.katia.com\/blog\/es\/tejer-en-verano\/","og_locale":"es_ES","og_type":"article","og_title":"Tejer en verano - Blog de costura, ganchillo y punto | Blog de Katia","og_description":"\u00bfSois de los que pens\u00e1is que tejer en verano da calor? QU\u00c9 VA\u2026 \u00a1no tiene por qu\u00e9! Todo depende de las calidades que escojamos para trabajar (desde Katia recomendamos algodones, lino, bamb\u00fa, seda\u2026) pero sobre todo depende del proyecto que seleccionemos. Hoy os traemos una propuesta muy fresquita y apropiada para los calurosos d\u00edas de&hellip;","og_url":"https:\/\/www.katia.com\/blog\/es\/tejer-en-verano\/","og_site_name":"Blog de costura, ganchillo y punto | Blog de Katia","article_publisher":"https:\/\/www.facebook.com\/KatiaYarns\/","article_author":"https:\/\/www.facebook.com\/KatiaLanas","article_published_time":"2013-07-23T05:11:53+00:00","article_modified_time":"2023-06-01T08:46:50+00:00","og_image":[{"width":640,"height":500,"url":"https:\/\/i0.wp.com\/www.katia.com\/blog\/wp-content\/uploads\/2023\/06\/bikini_01.jpg?fit=640%2C500&ssl=1","type":"image\/jpeg"}],"author":"Katia","twitter_card":"summary_large_image","twitter_creator":"@KatiaYarns","twitter_site":"@katiayarns","twitter_misc":{"Escrito por":"Katia","Tiempo de lectura":"1 minuto"},"schema":{"@context":"https:\/\/schema.org","@graph":[{"@type":"Article","@id":"https:\/\/www.katia.com\/blog\/es\/tejer-en-verano\/#article","isPartOf":{"@id":"https:\/\/www.katia.com\/blog\/es\/tejer-en-verano\/"},"author":{"name":"Katia","@id":"https:\/\/www.katia.com\/blog\/es\/#\/schema\/person\/68f5af43d77306dd7f2dcc275d13e057"},"headline":"Tejer en verano","datePublished":"2013-07-23T05:11:53+00:00","dateModified":"2023-06-01T08:46:50+00:00","mainEntityOfPage":{"@id":"https:\/\/www.katia.com\/blog\/es\/tejer-en-verano\/"},"wordCount":148,"commentCount":7,"publisher":{"@id":"https:\/\/www.katia.com\/blog\/es\/#organization"},"keywords":["bikinis"],"articleSection":["Moda y complementos","Tendencias Primavera Verano"],"inLanguage":"es","potentialAction":[{"@type":"CommentAction","name":"Comment","target":["https:\/\/www.katia.com\/blog\/es\/tejer-en-verano\/#respond"]}]},{"@type":"WebPage","@id":"https:\/\/www.katia.com\/blog\/es\/tejer-en-verano\/","url":"https:\/\/www.katia.com\/blog\/es\/tejer-en-verano\/","name":"Tejer en verano - Blog de costura, ganchillo y punto | Blog de Katia","isPartOf":{"@id":"https:\/\/www.katia.com\/blog\/es\/#website"},"datePublished":"2013-07-23T05:11:53+00:00","dateModified":"2023-06-01T08:46:50+00:00","breadcrumb":{"@id":"https:\/\/www.katia.com\/blog\/es\/tejer-en-verano\/#breadcrumb"},"inLanguage":"es","potentialAction":[{"@type":"ReadAction","target":["https:\/\/www.katia.com\/blog\/es\/tejer-en-verano\/"]}]},{"@type":"BreadcrumbList","@id":"https:\/\/www.katia.com\/blog\/es\/tejer-en-verano\/#breadcrumb","itemListElement":[{"@type":"ListItem","position":1,"name":"Blog","item":"https:\/\/www.katia.com\/blog\/es\/"},{"@type":"ListItem","position":2,"name":"Tejer en verano"}]},{"@type":"WebSite","@id":"https:\/\/www.katia.com\/blog\/es\/#website","url":"https:\/\/www.katia.com\/blog\/es\/","name":"www.katia.com","description":"Tu blog de crochet, punto, costura o macram\u00e9 con tutoriales para aprender e ideas para tejer y coser piezas \u00fanicas. Blog de Katia, para esp\u00edritus creativos.","publisher":{"@id":"https:\/\/www.katia.com\/blog\/es\/#organization"},"potentialAction":[{"@type":"SearchAction","target":{"@type":"EntryPoint","urlTemplate":"https:\/\/www.katia.com\/blog\/es\/?s={search_term_string}"},"query-input":"required name=search_term_string"}],"inLanguage":"es"},{"@type":"Organization","@id":"https:\/\/www.katia.com\/blog\/es\/#organization","name":"Fil Katia, S.A","url":"https:\/\/www.katia.com\/blog\/es\/","logo":{"@type":"ImageObject","inLanguage":"es","@id":"https:\/\/www.katia.com\/blog\/es\/#\/schema\/logo\/image\/","url":"https:\/\/www.katia.com\/blog\/wp-content\/uploads\/2016\/12\/logo_katia.svg","contentUrl":"https:\/\/www.katia.com\/blog\/wp-content\/uploads\/2016\/12\/logo_katia.svg","width":"600","height":"1200","caption":"Fil Katia, S.A"},"image":{"@id":"https:\/\/www.katia.com\/blog\/es\/#\/schema\/logo\/image\/"},"sameAs":["https:\/\/www.facebook.com\/KatiaYarns\/","https:\/\/twitter.com\/katiayarns","http:\/\/instagram.com\/katiayarns","https:\/\/www.linkedin.com\/company\/fil-katia\/","https:\/\/www.pinterest.com\/KatiaYarns\/","https:\/\/www.youtube.com\/c\/KatiaYarnsFabrics\/videos","https:\/\/www.tiktok.com\/@katiacrafts","https:\/\/www.instagram.com\/katiafabrics"]},{"@type":"Person","@id":"https:\/\/www.katia.com\/blog\/es\/#\/schema\/person\/68f5af43d77306dd7f2dcc275d13e057","name":"Katia","sameAs":["https:\/\/www.katia.com\/blog\/es\/","https:\/\/www.facebook.com\/KatiaLanas","https:\/\/www.pinterest.es\/KatiaYarns\/","https:\/\/twitter.com\/KatiaYarns","https:\/\/www.youtube.com\/user\/filkatia"],"url":"https:\/\/www.katia.com\/blog\/es\/author\/katia_admin\/"}]}},"jetpack_featured_media_url":"https:\/\/i0.wp.com\/www.katia.com\/blog\/wp-content\/uploads\/2023\/06\/bikini_01.jpg?fit=640%2C500&ssl=1","jetpack_likes_enabled":true,"jetpack_shortlink":"https:\/\/wp.me\/peUVQy-k3N","jetpack_sharing_enabled":true,"_links":{"self":[{"href":"https:\/\/www.katia.com\/blog\/es\/wp-json\/wp\/v2\/posts\/77115"}],"collection":[{"href":"https:\/\/www.katia.com\/blog\/es\/wp-json\/wp\/v2\/posts"}],"about":[{"href":"https:\/\/www.katia.com\/blog\/es\/wp-json\/wp\/v2\/types\/post"}],"author":[{"embeddable":true,"href":"https:\/\/www.katia.com\/blog\/es\/wp-json\/wp\/v2\/users\/4"}],"replies":[{"embeddable":true,"href":"https:\/\/www.katia.com\/blog\/es\/wp-json\/wp\/v2\/comments?post=77115"}],"version-history":[{"count":0,"href":"https:\/\/www.katia.com\/blog\/es\/wp-json\/wp\/v2\/posts\/77115\/revisions"}],"wp:featuredmedia":[{"embeddable":true,"href":"https:\/\/www.katia.com\/blog\/es\/wp-json\/wp\/v2\/media\/151800"}],"wp:attachment":[{"href":"https:\/\/www.katia.com\/blog\/es\/wp-json\/wp\/v2\/media?parent=77115"}],"wp:term":[{"taxonomy":"category","embeddable":true,"href":"https:\/\/www.katia.com\/blog\/es\/wp-json\/wp\/v2\/categories?post=77115"},{"taxonomy":"post_tag","embeddable":true,"href":"https:\/\/www.katia.com\/blog\/es\/wp-json\/wp\/v2\/tags?post=77115"}],"curies":[{"name":"wp","href":"https:\/\/api.w.org\/{rel}","templated":true}]}}