{"id":316229,"date":"2025-02-11T19:30:00","date_gmt":"2025-02-11T18:30:00","guid":{"rendered":"https:\/\/www.katia.com\/blog\/?p=316229"},"modified":"2025-02-24T14:44:58","modified_gmt":"2025-02-24T13:44:58","slug":"halbmondfoermiges-lacetuch-kal-lanima-2025","status":"publish","type":"post","link":"https:\/\/www.katia.com\/blog\/de\/halbmondfoermiges-lacetuch-kal-lanima-2025\/","title":{"rendered":"KAL L&#8217;Anima 2025 \ud83c\udf19 Halbmondf\u00f6rmiges Lacetuch designt von Feinmotorik"},"content":{"rendered":"\n<p><strong><a href=\"https:\/\/www.katia.com\/DE\/l-anima-shawl-kal-2025\" target=\"_blank\" rel=\"noreferrer noopener\">Mach mit beim KAL L&#8217;Anima 2025<\/a>!<\/strong> Genie\u00dfe ein halbmondf\u00f6rmiges Lacetuch aus dem luxuri\u00f6sen Garn <strong>Cotton-Cashmere <\/strong>von<strong> Concept by Katia<\/strong>. Das Design von <strong><a href=\"https:\/\/www.instagram.com\/feinmotorik.blogspot\" target=\"_blank\" rel=\"noreferrer noopener\">@feinmotorik.blogspot<\/a><\/strong> bezaubert mit seinen eleganten <strong>Lace-Abschnitten und zarten Texturen<\/strong>, die ihm Leichtigkeit und Stil verleihen. Perfekt f\u00fcr alle, die ein vielseitiges und zeitloses Accessoire suchen und dabei neue Stricktechniken lernen m\u00f6chten. Bist du dabei und strickst dir dein Tuch L\u2018Anima?<\/p>\n\n\n\n<figure class=\"wp-block-image size-full\"><img loading=\"lazy\" decoding=\"async\" width=\"1020\" height=\"1020\" src=\"https:\/\/i0.wp.com\/www.katia.com\/blog\/wp-content\/uploads\/2025\/01\/Kal_lanima-Shawl-q.jpg?resize=1020%2C1020&#038;ssl=1\" alt=\"KAL L'Anima - halbmondf\u00f6rmiges Lacetuch\" class=\"wp-image-315290\" srcset=\"https:\/\/i0.wp.com\/www.katia.com\/blog\/wp-content\/uploads\/2025\/01\/Kal_lanima-Shawl-q.jpg?w=1200&amp;ssl=1 1200w, https:\/\/i0.wp.com\/www.katia.com\/blog\/wp-content\/uploads\/2025\/01\/Kal_lanima-Shawl-q.jpg?resize=300%2C300&amp;ssl=1 300w, https:\/\/i0.wp.com\/www.katia.com\/blog\/wp-content\/uploads\/2025\/01\/Kal_lanima-Shawl-q.jpg?resize=600%2C600&amp;ssl=1 600w, https:\/\/i0.wp.com\/www.katia.com\/blog\/wp-content\/uploads\/2025\/01\/Kal_lanima-Shawl-q.jpg?resize=100%2C100&amp;ssl=1 100w, https:\/\/i0.wp.com\/www.katia.com\/blog\/wp-content\/uploads\/2025\/01\/Kal_lanima-Shawl-q.jpg?resize=768%2C768&amp;ssl=1 768w, https:\/\/i0.wp.com\/www.katia.com\/blog\/wp-content\/uploads\/2025\/01\/Kal_lanima-Shawl-q.jpg?resize=1020%2C1020&amp;ssl=1 1020w, https:\/\/i0.wp.com\/www.katia.com\/blog\/wp-content\/uploads\/2025\/01\/Kal_lanima-Shawl-q.jpg?resize=630%2C630&amp;ssl=1 630w, https:\/\/i0.wp.com\/www.katia.com\/blog\/wp-content\/uploads\/2025\/01\/Kal_lanima-Shawl-q.jpg?resize=64%2C64&amp;ssl=1 64w, https:\/\/i0.wp.com\/www.katia.com\/blog\/wp-content\/uploads\/2025\/01\/Kal_lanima-Shawl-q.jpg?resize=720%2C720&amp;ssl=1 720w\" sizes=\"(max-width: 1020px) 100vw, 1020px\" data-recalc-dims=\"1\" \/><\/figure>\n\n\n\n<h2 class=\"wp-block-heading\"><strong><strong>Stricken f\u00fcr die Seele<\/strong><\/strong> \ud83d\udc96 Halbmondf\u00f6rmiges Lacetuch<\/h2>\n\n\n\n<p>Verw\u00f6hne alle deine Sinne mit diesem Tuch und seiner mit viel Feingef\u00fchl entworfenen <strong>Kombination verschiedener Lacemuster und geometrisch inspirierter Texturen<\/strong>. Erhebe deine kreative Seele mit dem Tuch L\u2019Anima!<\/p>\n\n\n\n<h3 class=\"wp-block-heading\">\ud83e\uddf6 <strong><strong>Hol dir das KIT L&#8217;ANIMA und mach mit!<\/strong><\/strong><\/h3>\n\n\n\n<p>Um teilzunehmen, ben\u00f6tigst du nur das <strong>KIT L\u2019ANIMA SHAWL KAL 2025<\/strong> in deiner Lieblingsfarbe sowie deine Stricknadeln.<\/p>\n\n\n\n<figure class=\"wp-block-image size-large\"><img loading=\"lazy\" decoding=\"async\" width=\"600\" height=\"600\" src=\"https:\/\/i0.wp.com\/www.katia.com\/blog\/wp-content\/uploads\/2025\/01\/Pack-Kal-lanima-Shawl_2.jpg?resize=600%2C600&#038;ssl=1\" alt=\"\" class=\"wp-image-315302\" srcset=\"https:\/\/i0.wp.com\/www.katia.com\/blog\/wp-content\/uploads\/2025\/01\/Pack-Kal-lanima-Shawl_2.jpg?resize=600%2C600&amp;ssl=1 600w, https:\/\/i0.wp.com\/www.katia.com\/blog\/wp-content\/uploads\/2025\/01\/Pack-Kal-lanima-Shawl_2.jpg?resize=300%2C300&amp;ssl=1 300w, https:\/\/i0.wp.com\/www.katia.com\/blog\/wp-content\/uploads\/2025\/01\/Pack-Kal-lanima-Shawl_2.jpg?resize=100%2C100&amp;ssl=1 100w, https:\/\/i0.wp.com\/www.katia.com\/blog\/wp-content\/uploads\/2025\/01\/Pack-Kal-lanima-Shawl_2.jpg?resize=768%2C768&amp;ssl=1 768w, https:\/\/i0.wp.com\/www.katia.com\/blog\/wp-content\/uploads\/2025\/01\/Pack-Kal-lanima-Shawl_2.jpg?resize=1020%2C1020&amp;ssl=1 1020w, https:\/\/i0.wp.com\/www.katia.com\/blog\/wp-content\/uploads\/2025\/01\/Pack-Kal-lanima-Shawl_2.jpg?resize=630%2C630&amp;ssl=1 630w, https:\/\/i0.wp.com\/www.katia.com\/blog\/wp-content\/uploads\/2025\/01\/Pack-Kal-lanima-Shawl_2.jpg?resize=64%2C64&amp;ssl=1 64w, https:\/\/i0.wp.com\/www.katia.com\/blog\/wp-content\/uploads\/2025\/01\/Pack-Kal-lanima-Shawl_2.jpg?resize=720%2C720&amp;ssl=1 720w, https:\/\/i0.wp.com\/www.katia.com\/blog\/wp-content\/uploads\/2025\/01\/Pack-Kal-lanima-Shawl_2.jpg?w=1500&amp;ssl=1 1500w\" sizes=\"(max-width: 600px) 100vw, 600px\" data-recalc-dims=\"1\" \/><\/figure>\n\n\n\n<div class=\"wp-block-buttons is-content-justification-center is-layout-flex wp-container-core-buttons-layout-1 wp-block-buttons-is-layout-flex\">\n<div class=\"wp-block-button\"><a class=\"wp-block-button__link wp-element-button\" href=\"https:\/\/www.katia.com\/kit.php?idkit=72\" target=\"_blank\" rel=\"noreferrer noopener\">\ud83d\uded2 <strong>KIT KAL L&#8217;ANIMA<\/strong><\/a><\/div>\n<\/div>\n\n\n\n<h2 class=\"wp-block-heading\">\ud83d\udccc Anleitung in 4 Teilen und Videotutorials<\/h2>\n\n\n\n<p><strong>Schreib&#8217;s in deinen Kalender!<\/strong> Der KAL beginnt am <strong>11. M\u00e4rz 2025<\/strong>. Jede Woche ver\u00f6ffentlichen wir einen <strong>neuen Abschnitt der Anleitung auf unserer Website katia.com<\/strong>.<\/p>\n\n\n\n<div class=\"wp-block-buttons is-content-justification-center is-layout-flex wp-container-core-buttons-layout-2 wp-block-buttons-is-layout-flex\">\n<div class=\"wp-block-button\"><a class=\"wp-block-button__link wp-element-button\" href=\"https:\/\/www.katia.com\/DE\/l-anima-shawl-kal-2025\" target=\"_blank\" rel=\"noreferrer noopener\">\u26a0\ufe0f <strong>ANLEITUNG UND VIDEOS FINDEST DU HIER<\/strong> \u2757<\/a><\/div>\n<\/div>\n\n\n\n<figure class=\"wp-block-image size-full\"><img loading=\"lazy\" decoding=\"async\" width=\"800\" height=\"1024\" src=\"https:\/\/i0.wp.com\/www.katia.com\/blog\/wp-content\/uploads\/2025\/02\/fb-group-kal-lanima-CALENDAR-ok.jpg?resize=800%2C1024&#038;ssl=1\" alt=\"\" class=\"wp-image-316671\" srcset=\"https:\/\/i0.wp.com\/www.katia.com\/blog\/wp-content\/uploads\/2025\/02\/fb-group-kal-lanima-CALENDAR-ok.jpg?w=800&amp;ssl=1 800w, https:\/\/i0.wp.com\/www.katia.com\/blog\/wp-content\/uploads\/2025\/02\/fb-group-kal-lanima-CALENDAR-ok.jpg?resize=300%2C384&amp;ssl=1 300w, https:\/\/i0.wp.com\/www.katia.com\/blog\/wp-content\/uploads\/2025\/02\/fb-group-kal-lanima-CALENDAR-ok.jpg?resize=600%2C768&amp;ssl=1 600w, https:\/\/i0.wp.com\/www.katia.com\/blog\/wp-content\/uploads\/2025\/02\/fb-group-kal-lanima-CALENDAR-ok.jpg?resize=768%2C983&amp;ssl=1 768w, https:\/\/i0.wp.com\/www.katia.com\/blog\/wp-content\/uploads\/2025\/02\/fb-group-kal-lanima-CALENDAR-ok.jpg?resize=630%2C806&amp;ssl=1 630w, https:\/\/i0.wp.com\/www.katia.com\/blog\/wp-content\/uploads\/2025\/02\/fb-group-kal-lanima-CALENDAR-ok.jpg?resize=50%2C64&amp;ssl=1 50w\" sizes=\"(max-width: 800px) 100vw, 800px\" data-recalc-dims=\"1\" \/><\/figure>\n\n\n\n<h2 class=\"wp-block-heading\"><strong><strong>Werde Teil der Katia Knit-Along Community<\/strong><\/strong><\/h2>\n\n\n\n<p>W\u00e4hrend des KAL kannst du in der <strong>Facebook-Gruppe Knit-Along Katia <\/strong>deine Fortschritte teilen und Fragen stellen. Stricke in bester Gesellschaft!<\/p>\n\n\n\n<div class=\"wp-block-buttons is-content-justification-center is-layout-flex wp-container-core-buttons-layout-3 wp-block-buttons-is-layout-flex\">\n<div class=\"wp-block-button\"><a class=\"wp-block-button__link wp-element-button\" href=\"https:\/\/www.facebook.com\/groups\/knitalongkatia\" target=\"_blank\" rel=\"noreferrer noopener\"><strong>TRITT DER GRUPPE BEI<\/strong><\/a><\/div>\n<\/div>\n\n\n\n<figure class=\"wp-block-image size-full\"><img loading=\"lazy\" decoding=\"async\" width=\"1020\" height=\"387\" src=\"https:\/\/i0.wp.com\/www.katia.com\/blog\/wp-content\/uploads\/2025\/01\/Kal_lanima-Shawl.jpg?resize=1020%2C387&#038;ssl=1\" alt=\"KAL L'Anima - halbmondf\u00f6rmiges Lacetuch\" class=\"wp-image-315296\" srcset=\"https:\/\/i0.wp.com\/www.katia.com\/blog\/wp-content\/uploads\/2025\/01\/Kal_lanima-Shawl.jpg?w=1656&amp;ssl=1 1656w, https:\/\/i0.wp.com\/www.katia.com\/blog\/wp-content\/uploads\/2025\/01\/Kal_lanima-Shawl.jpg?resize=300%2C114&amp;ssl=1 300w, https:\/\/i0.wp.com\/www.katia.com\/blog\/wp-content\/uploads\/2025\/01\/Kal_lanima-Shawl.jpg?resize=600%2C228&amp;ssl=1 600w, https:\/\/i0.wp.com\/www.katia.com\/blog\/wp-content\/uploads\/2025\/01\/Kal_lanima-Shawl.jpg?resize=768%2C291&amp;ssl=1 768w, https:\/\/i0.wp.com\/www.katia.com\/blog\/wp-content\/uploads\/2025\/01\/Kal_lanima-Shawl.jpg?resize=1536%2C582&amp;ssl=1 1536w, https:\/\/i0.wp.com\/www.katia.com\/blog\/wp-content\/uploads\/2025\/01\/Kal_lanima-Shawl.jpg?resize=1600%2C607&amp;ssl=1 1600w, https:\/\/i0.wp.com\/www.katia.com\/blog\/wp-content\/uploads\/2025\/01\/Kal_lanima-Shawl.jpg?resize=1020%2C387&amp;ssl=1 1020w, https:\/\/i0.wp.com\/www.katia.com\/blog\/wp-content\/uploads\/2025\/01\/Kal_lanima-Shawl.jpg?resize=630%2C239&amp;ssl=1 630w, https:\/\/i0.wp.com\/www.katia.com\/blog\/wp-content\/uploads\/2025\/01\/Kal_lanima-Shawl.jpg?resize=96%2C36&amp;ssl=1 96w\" sizes=\"(max-width: 1020px) 100vw, 1020px\" data-recalc-dims=\"1\" \/><\/figure>\n\n\n\n<h2 class=\"wp-block-heading\"><strong>#LANIMA<\/strong>_de<\/h2>\n\n\n\n<p>Suche nach dem Hashtag <strong>#LANIMA_de<\/strong>&nbsp;innerhalb der Facebook-Gruppe. So findest du ganz einfach alle&nbsp;<strong>Posts auf Deutsch<\/strong>&nbsp;mit den wichtigsten Infos.<\/p>\n\n\n\n<figure class=\"wp-block-image size-full\"><img loading=\"lazy\" decoding=\"async\" width=\"800\" height=\"1024\" src=\"https:\/\/i0.wp.com\/www.katia.com\/blog\/wp-content\/uploads\/2025\/02\/fb-group-kal-lanima-FRAGEN.jpg?resize=800%2C1024&#038;ssl=1\" alt=\"\" class=\"wp-image-316231\" srcset=\"https:\/\/i0.wp.com\/www.katia.com\/blog\/wp-content\/uploads\/2025\/02\/fb-group-kal-lanima-FRAGEN.jpg?w=800&amp;ssl=1 800w, https:\/\/i0.wp.com\/www.katia.com\/blog\/wp-content\/uploads\/2025\/02\/fb-group-kal-lanima-FRAGEN.jpg?resize=300%2C384&amp;ssl=1 300w, https:\/\/i0.wp.com\/www.katia.com\/blog\/wp-content\/uploads\/2025\/02\/fb-group-kal-lanima-FRAGEN.jpg?resize=600%2C768&amp;ssl=1 600w, https:\/\/i0.wp.com\/www.katia.com\/blog\/wp-content\/uploads\/2025\/02\/fb-group-kal-lanima-FRAGEN.jpg?resize=768%2C983&amp;ssl=1 768w, https:\/\/i0.wp.com\/www.katia.com\/blog\/wp-content\/uploads\/2025\/02\/fb-group-kal-lanima-FRAGEN.jpg?resize=630%2C806&amp;ssl=1 630w, https:\/\/i0.wp.com\/www.katia.com\/blog\/wp-content\/uploads\/2025\/02\/fb-group-kal-lanima-FRAGEN.jpg?resize=50%2C64&amp;ssl=1 50w\" sizes=\"(max-width: 800px) 100vw, 800px\" data-recalc-dims=\"1\" \/><\/figure>\n\n\n\n<div class=\"wp-block-buttons is-content-justification-center is-layout-flex wp-container-core-buttons-layout-4 wp-block-buttons-is-layout-flex\">\n<div class=\"wp-block-button\"><a class=\"wp-block-button__link wp-element-button\" href=\"https:\/\/www.facebook.com\/hashtag\/lanima_de\" target=\"_blank\" rel=\"noreferrer noopener\">\ud83c\udde9\ud83c\uddea #LANIMA_DE \ud83d\udd0e<\/a><\/div>\n<\/div>\n\n\n\n<p><strong>Projekt<\/strong>: Halbmondf\u00f6rmiges Tuch mit Lacemustern und geometrisch inspirierten Texturen<\/p>\n\n\n\n<p><strong>Designerin:<\/strong> Julia-Maria Hegenbart @feinmotorik.blogspot<\/p>\n\n\n\n<p><strong>Niveau:<\/strong> Fortgeschrittene<\/p>\n\n\n\n<p><strong>Ma\u00dfe:<\/strong> 218&nbsp;cm x 58&nbsp;cm<\/p>\n\n\n\n<p><strong>Beginn:<\/strong> 11. M\u00e4rz 2025<\/p>\n\n\n\n<p><strong>Dauer:<\/strong> 4 Wochen&nbsp;<\/p>\n\n\n\n<p><strong>Anleitung:<\/strong> Jede Woche findest du einen weiteren Teil der Anleitung auf katia.com. Anleitung auf Deutsch, Spanisch, Englisch, Franz\u00f6sisch, Niederl\u00e4ndisch und Italienisch mit <strong>Abk\u00fcrzungen, Strickschriften und Videos<\/strong>, die dich beim Erlernen aller Techniken unterst\u00fctzen.<\/p>\n\n\n\n<p><strong>Material:<\/strong> Zus\u00e4tzlich zum Kit f\u00fcr den KAL mit 8 Kn\u00e4uel Cotton-Cashmere von Concept by Katia ben\u00f6tigst du eine Rundstricknadel 3,5 mm von mindestens 80 cm L\u00e4nge, eine Wollnadel, Schere und 34 Maschenmarkierer (nicht im Kit enthalten).<\/p>\n\n\n\n<figure class=\"wp-block-image size-full\"><img loading=\"lazy\" decoding=\"async\" width=\"800\" height=\"865\" src=\"https:\/\/i0.wp.com\/www.katia.com\/blog\/wp-content\/uploads\/2025\/01\/Kal_lanima-Shawl_ok_m.jpg?resize=800%2C865&#038;ssl=1\" alt=\"KAL L'Anima - halbmondf\u00f6rmiges Lacetuch\" class=\"wp-image-315315\" srcset=\"https:\/\/i0.wp.com\/www.katia.com\/blog\/wp-content\/uploads\/2025\/01\/Kal_lanima-Shawl_ok_m.jpg?w=800&amp;ssl=1 800w, https:\/\/i0.wp.com\/www.katia.com\/blog\/wp-content\/uploads\/2025\/01\/Kal_lanima-Shawl_ok_m.jpg?resize=300%2C324&amp;ssl=1 300w, https:\/\/i0.wp.com\/www.katia.com\/blog\/wp-content\/uploads\/2025\/01\/Kal_lanima-Shawl_ok_m.jpg?resize=600%2C649&amp;ssl=1 600w, https:\/\/i0.wp.com\/www.katia.com\/blog\/wp-content\/uploads\/2025\/01\/Kal_lanima-Shawl_ok_m.jpg?resize=768%2C830&amp;ssl=1 768w, https:\/\/i0.wp.com\/www.katia.com\/blog\/wp-content\/uploads\/2025\/01\/Kal_lanima-Shawl_ok_m.jpg?resize=630%2C681&amp;ssl=1 630w, https:\/\/i0.wp.com\/www.katia.com\/blog\/wp-content\/uploads\/2025\/01\/Kal_lanima-Shawl_ok_m.jpg?resize=59%2C64&amp;ssl=1 59w\" sizes=\"(max-width: 800px) 100vw, 800px\" data-recalc-dims=\"1\" \/><\/figure>\n\n\n\n<div class=\"wp-block-buttons is-content-justification-center is-layout-flex wp-container-core-buttons-layout-5 wp-block-buttons-is-layout-flex\">\n<div class=\"wp-block-button\"><a class=\"wp-block-button__link wp-element-button\" href=\"https:\/\/www.katia.com\/kit.php?idkit=72\" target=\"_blank\" rel=\"noreferrer noopener\">\ud83d\uded2 <strong>KIT KAL L&#8217;ANIMA<\/strong><\/a><\/div>\n<\/div>\n","protected":false},"excerpt":{"rendered":"<p>Mach mit beim KAL L&#8217;Anima 2025! Genie\u00dfe ein halbmondf\u00f6rmiges Lacetuch aus dem luxuri\u00f6sen Garn Cotton-Cashmere von Concept by Katia. Das Design von @feinmotorik.blogspot bezaubert mit seinen eleganten Lace-Abschnitten und zarten Texturen, die ihm Leichtigkeit und Stil verleihen. Perfekt f\u00fcr alle, die ein vielseitiges und zeitloses Accessoire suchen und dabei neue Stricktechniken lernen m\u00f6chten. Bist du&hellip;<\/p>\n","protected":false},"author":10,"featured_media":315294,"comment_status":"open","ping_status":"closed","sticky":false,"template":"","format":"standard","meta":{"_acf_changed":false,"inline_featured_image":false,"footnotes":""},"categories":[11959,11977,11958,11965],"tags":[5068,5277,5318,12767,12866,12867,12868,12963,13859,4832],"acf":[],"yoast_head":"<!-- This site is optimized with the Yoast SEO plugin v22.1 - https:\/\/yoast.com\/wordpress\/plugins\/seo\/ -->\n<title>KAL L&#039;Anima 2025 \ud83c\udf19 Halbmondf\u00f6rmiges Lacetuch | Feinmotorik<\/title>\n<meta name=\"description\" content=\"Mach mit beim KAL L&#039;Anima 2025 und stricke ein halbmondf\u00f6rmiges Lacetuch aus dem luxuri\u00f6sen Garn Cotton-Cashmere von Concept by Katia.\" \/>\n<meta name=\"robots\" content=\"index, follow, max-snippet:-1, max-image-preview:large, max-video-preview:-1\" \/>\n<link rel=\"canonical\" href=\"https:\/\/www.katia.com\/blog\/de\/halbmondfoermiges-lacetuch-kal-lanima-2025\/\" \/>\n<meta property=\"og:locale\" content=\"de_DE\" \/>\n<meta property=\"og:type\" content=\"article\" \/>\n<meta property=\"og:title\" content=\"KAL L&#039;Anima 2025 \ud83c\udf19 Halbmondf\u00f6rmiges Lacetuch | Feinmotorik\" \/>\n<meta property=\"og:description\" content=\"Mach mit beim KAL L&#039;Anima 2025 und stricke ein halbmondf\u00f6rmiges Lacetuch aus dem luxuri\u00f6sen Garn Cotton-Cashmere von Concept by Katia.\" \/>\n<meta property=\"og:url\" content=\"https:\/\/www.katia.com\/blog\/de\/halbmondfoermiges-lacetuch-kal-lanima-2025\/\" \/>\n<meta property=\"og:site_name\" content=\"Blog rund ums N\u00e4hen, H\u00e4keln und Stricken | Der Blog von Katia\" \/>\n<meta property=\"article:publisher\" content=\"https:\/\/www.facebook.com\/KatiaYarns\/\" \/>\n<meta property=\"article:published_time\" content=\"2025-02-11T18:30:00+00:00\" \/>\n<meta property=\"article:modified_time\" content=\"2025-02-24T13:44:58+00:00\" \/>\n<meta property=\"og:image\" content=\"https:\/\/www.katia.com\/blog\/wp-content\/uploads\/2025\/01\/Kal_lanima-Shawl-q.jpg\" \/>\n\t<meta property=\"og:image:width\" content=\"1200\" \/>\n\t<meta property=\"og:image:height\" content=\"1200\" \/>\n\t<meta property=\"og:image:type\" content=\"image\/jpeg\" \/>\n<meta name=\"author\" content=\"Katja Bode | Katia Garne &amp; Fabrics Team\" \/>\n<meta name=\"twitter:card\" content=\"summary_large_image\" \/>\n<meta name=\"twitter:creator\" content=\"@katiayarns\" \/>\n<meta name=\"twitter:site\" content=\"@katiayarns\" \/>\n<meta name=\"twitter:label1\" content=\"Verfasst von\" \/>\n\t<meta name=\"twitter:data1\" content=\"Katja Bode | Katia Garne &amp; Fabrics Team\" \/>\n\t<meta name=\"twitter:label2\" content=\"Gesch\u00e4tzte Lesezeit\" \/>\n\t<meta name=\"twitter:data2\" content=\"4\u00a0Minuten\" \/>\n<script type=\"application\/ld+json\" class=\"yoast-schema-graph\">{\"@context\":\"https:\/\/schema.org\",\"@graph\":[{\"@type\":\"Article\",\"@id\":\"https:\/\/www.katia.com\/blog\/de\/halbmondfoermiges-lacetuch-kal-lanima-2025\/#article\",\"isPartOf\":{\"@id\":\"https:\/\/www.katia.com\/blog\/de\/halbmondfoermiges-lacetuch-kal-lanima-2025\/\"},\"author\":{\"name\":\"Katja Bode | Katia Garne &amp; Fabrics Team\",\"@id\":\"https:\/\/www.katia.com\/blog\/de\/#\/schema\/person\/2abcaa15cef4df708329c98f261e180b\"},\"headline\":\"KAL L&#8217;Anima 2025 \ud83c\udf19 Halbmondf\u00f6rmiges Lacetuch designt von Feinmotorik\",\"datePublished\":\"2025-02-11T18:30:00+00:00\",\"dateModified\":\"2025-02-24T13:44:58+00:00\",\"mainEntityOfPage\":{\"@id\":\"https:\/\/www.katia.com\/blog\/de\/halbmondfoermiges-lacetuch-kal-lanima-2025\/\"},\"wordCount\":348,\"commentCount\":0,\"publisher\":{\"@id\":\"https:\/\/www.katia.com\/blog\/de\/#organization\"},\"keywords\":[\"Lace-Tuch\",\"T\u00fccher\",\"KAL\",\"Concept\",\"T\u00fcchern\",\"Lochmuster\",\"Videos\",\"pdf\",\"Knit-Along\",\"Katia Cotton-Cashmere\"],\"articleSection\":[\"Designers und Trends\",\"Mode und Accessoires\",\"Wettbewerbe\",\"Tutorials und Anleitungen\"],\"inLanguage\":\"de\",\"potentialAction\":[{\"@type\":\"CommentAction\",\"name\":\"Comment\",\"target\":[\"https:\/\/www.katia.com\/blog\/de\/halbmondfoermiges-lacetuch-kal-lanima-2025\/#respond\"]}]},{\"@type\":\"WebPage\",\"@id\":\"https:\/\/www.katia.com\/blog\/de\/halbmondfoermiges-lacetuch-kal-lanima-2025\/\",\"url\":\"https:\/\/www.katia.com\/blog\/de\/halbmondfoermiges-lacetuch-kal-lanima-2025\/\",\"name\":\"KAL L'Anima 2025 \ud83c\udf19 Halbmondf\u00f6rmiges Lacetuch | Feinmotorik\",\"isPartOf\":{\"@id\":\"https:\/\/www.katia.com\/blog\/de\/#website\"},\"datePublished\":\"2025-02-11T18:30:00+00:00\",\"dateModified\":\"2025-02-24T13:44:58+00:00\",\"description\":\"Mach mit beim KAL L'Anima 2025 und stricke ein halbmondf\u00f6rmiges Lacetuch aus dem luxuri\u00f6sen Garn Cotton-Cashmere von Concept by Katia.\",\"breadcrumb\":{\"@id\":\"https:\/\/www.katia.com\/blog\/de\/halbmondfoermiges-lacetuch-kal-lanima-2025\/#breadcrumb\"},\"inLanguage\":\"de\",\"potentialAction\":[{\"@type\":\"ReadAction\",\"target\":[\"https:\/\/www.katia.com\/blog\/de\/halbmondfoermiges-lacetuch-kal-lanima-2025\/\"]}]},{\"@type\":\"BreadcrumbList\",\"@id\":\"https:\/\/www.katia.com\/blog\/de\/halbmondfoermiges-lacetuch-kal-lanima-2025\/#breadcrumb\",\"itemListElement\":[{\"@type\":\"ListItem\",\"position\":1,\"name\":\"Blog\",\"item\":\"https:\/\/www.katia.com\/blog\/de\/\"},{\"@type\":\"ListItem\",\"position\":2,\"name\":\"KAL L&#8217;Anima 2025 \ud83c\udf19 Halbmondf\u00f6rmiges Lacetuch designt von Feinmotorik\"}]},{\"@type\":\"WebSite\",\"@id\":\"https:\/\/www.katia.com\/blog\/de\/#website\",\"url\":\"https:\/\/www.katia.com\/blog\/de\/\",\"name\":\"www.katia.com\",\"description\":\"Tu blog de crochet, punto, costura o macram\u00e9 con tutoriales para aprender e ideas para tejer y coser piezas \u00fanicas. Blog de Katia, para esp\u00edritus creativos.\",\"publisher\":{\"@id\":\"https:\/\/www.katia.com\/blog\/de\/#organization\"},\"potentialAction\":[{\"@type\":\"SearchAction\",\"target\":{\"@type\":\"EntryPoint\",\"urlTemplate\":\"https:\/\/www.katia.com\/blog\/de\/?s={search_term_string}\"},\"query-input\":\"required name=search_term_string\"}],\"inLanguage\":\"de\"},{\"@type\":\"Organization\",\"@id\":\"https:\/\/www.katia.com\/blog\/de\/#organization\",\"name\":\"Fil Katia, S.A\",\"url\":\"https:\/\/www.katia.com\/blog\/de\/\",\"logo\":{\"@type\":\"ImageObject\",\"inLanguage\":\"de\",\"@id\":\"https:\/\/www.katia.com\/blog\/de\/#\/schema\/logo\/image\/\",\"url\":\"https:\/\/www.katia.com\/blog\/wp-content\/uploads\/2016\/12\/logo_katia.svg\",\"contentUrl\":\"https:\/\/www.katia.com\/blog\/wp-content\/uploads\/2016\/12\/logo_katia.svg\",\"width\":\"600\",\"height\":\"1200\",\"caption\":\"Fil Katia, S.A\"},\"image\":{\"@id\":\"https:\/\/www.katia.com\/blog\/de\/#\/schema\/logo\/image\/\"},\"sameAs\":[\"https:\/\/www.facebook.com\/KatiaYarns\/\",\"https:\/\/twitter.com\/katiayarns\",\"http:\/\/instagram.com\/katiayarns\",\"https:\/\/www.linkedin.com\/company\/fil-katia\/\",\"https:\/\/www.pinterest.com\/KatiaYarns\/\",\"https:\/\/www.youtube.com\/c\/KatiaYarnsFabrics\/videos\",\"https:\/\/www.tiktok.com\/@katiacrafts\",\"https:\/\/www.instagram.com\/katiafabrics\"]},{\"@type\":\"Person\",\"@id\":\"https:\/\/www.katia.com\/blog\/de\/#\/schema\/person\/2abcaa15cef4df708329c98f261e180b\",\"name\":\"Katja Bode | Katia Garne &amp; Fabrics Team\",\"url\":\"https:\/\/www.katia.com\/blog\/de\/author\/katja\/\"}]}<\/script>\n<!-- \/ Yoast SEO plugin. -->","yoast_head_json":{"title":"KAL L'Anima 2025 \ud83c\udf19 Halbmondf\u00f6rmiges Lacetuch | Feinmotorik","description":"Mach mit beim KAL L'Anima 2025 und stricke ein halbmondf\u00f6rmiges Lacetuch aus dem luxuri\u00f6sen Garn Cotton-Cashmere von Concept by Katia.","robots":{"index":"index","follow":"follow","max-snippet":"max-snippet:-1","max-image-preview":"max-image-preview:large","max-video-preview":"max-video-preview:-1"},"canonical":"https:\/\/www.katia.com\/blog\/de\/halbmondfoermiges-lacetuch-kal-lanima-2025\/","og_locale":"de_DE","og_type":"article","og_title":"KAL L'Anima 2025 \ud83c\udf19 Halbmondf\u00f6rmiges Lacetuch | Feinmotorik","og_description":"Mach mit beim KAL L'Anima 2025 und stricke ein halbmondf\u00f6rmiges Lacetuch aus dem luxuri\u00f6sen Garn Cotton-Cashmere von Concept by Katia.","og_url":"https:\/\/www.katia.com\/blog\/de\/halbmondfoermiges-lacetuch-kal-lanima-2025\/","og_site_name":"Blog rund ums N\u00e4hen, H\u00e4keln und Stricken | Der Blog von Katia","article_publisher":"https:\/\/www.facebook.com\/KatiaYarns\/","article_published_time":"2025-02-11T18:30:00+00:00","article_modified_time":"2025-02-24T13:44:58+00:00","og_image":[{"width":1200,"height":1200,"url":"https:\/\/www.katia.com\/blog\/wp-content\/uploads\/2025\/01\/Kal_lanima-Shawl-q.jpg","type":"image\/jpeg"}],"author":"Katja Bode | Katia Garne &amp; Fabrics Team","twitter_card":"summary_large_image","twitter_creator":"@katiayarns","twitter_site":"@katiayarns","twitter_misc":{"Verfasst von":"Katja Bode | Katia Garne &amp; Fabrics Team","Gesch\u00e4tzte Lesezeit":"4\u00a0Minuten"},"schema":{"@context":"https:\/\/schema.org","@graph":[{"@type":"Article","@id":"https:\/\/www.katia.com\/blog\/de\/halbmondfoermiges-lacetuch-kal-lanima-2025\/#article","isPartOf":{"@id":"https:\/\/www.katia.com\/blog\/de\/halbmondfoermiges-lacetuch-kal-lanima-2025\/"},"author":{"name":"Katja Bode | Katia Garne &amp; Fabrics Team","@id":"https:\/\/www.katia.com\/blog\/de\/#\/schema\/person\/2abcaa15cef4df708329c98f261e180b"},"headline":"KAL L&#8217;Anima 2025 \ud83c\udf19 Halbmondf\u00f6rmiges Lacetuch designt von Feinmotorik","datePublished":"2025-02-11T18:30:00+00:00","dateModified":"2025-02-24T13:44:58+00:00","mainEntityOfPage":{"@id":"https:\/\/www.katia.com\/blog\/de\/halbmondfoermiges-lacetuch-kal-lanima-2025\/"},"wordCount":348,"commentCount":0,"publisher":{"@id":"https:\/\/www.katia.com\/blog\/de\/#organization"},"keywords":["Lace-Tuch","T\u00fccher","KAL","Concept","T\u00fcchern","Lochmuster","Videos","pdf","Knit-Along","Katia Cotton-Cashmere"],"articleSection":["Designers und Trends","Mode und Accessoires","Wettbewerbe","Tutorials und Anleitungen"],"inLanguage":"de","potentialAction":[{"@type":"CommentAction","name":"Comment","target":["https:\/\/www.katia.com\/blog\/de\/halbmondfoermiges-lacetuch-kal-lanima-2025\/#respond"]}]},{"@type":"WebPage","@id":"https:\/\/www.katia.com\/blog\/de\/halbmondfoermiges-lacetuch-kal-lanima-2025\/","url":"https:\/\/www.katia.com\/blog\/de\/halbmondfoermiges-lacetuch-kal-lanima-2025\/","name":"KAL L'Anima 2025 \ud83c\udf19 Halbmondf\u00f6rmiges Lacetuch | Feinmotorik","isPartOf":{"@id":"https:\/\/www.katia.com\/blog\/de\/#website"},"datePublished":"2025-02-11T18:30:00+00:00","dateModified":"2025-02-24T13:44:58+00:00","description":"Mach mit beim KAL L'Anima 2025 und stricke ein halbmondf\u00f6rmiges Lacetuch aus dem luxuri\u00f6sen Garn Cotton-Cashmere von Concept by Katia.","breadcrumb":{"@id":"https:\/\/www.katia.com\/blog\/de\/halbmondfoermiges-lacetuch-kal-lanima-2025\/#breadcrumb"},"inLanguage":"de","potentialAction":[{"@type":"ReadAction","target":["https:\/\/www.katia.com\/blog\/de\/halbmondfoermiges-lacetuch-kal-lanima-2025\/"]}]},{"@type":"BreadcrumbList","@id":"https:\/\/www.katia.com\/blog\/de\/halbmondfoermiges-lacetuch-kal-lanima-2025\/#breadcrumb","itemListElement":[{"@type":"ListItem","position":1,"name":"Blog","item":"https:\/\/www.katia.com\/blog\/de\/"},{"@type":"ListItem","position":2,"name":"KAL L&#8217;Anima 2025 \ud83c\udf19 Halbmondf\u00f6rmiges Lacetuch designt von Feinmotorik"}]},{"@type":"WebSite","@id":"https:\/\/www.katia.com\/blog\/de\/#website","url":"https:\/\/www.katia.com\/blog\/de\/","name":"www.katia.com","description":"Tu blog de crochet, punto, costura o macram\u00e9 con tutoriales para aprender e ideas para tejer y coser piezas \u00fanicas. Blog de Katia, para esp\u00edritus creativos.","publisher":{"@id":"https:\/\/www.katia.com\/blog\/de\/#organization"},"potentialAction":[{"@type":"SearchAction","target":{"@type":"EntryPoint","urlTemplate":"https:\/\/www.katia.com\/blog\/de\/?s={search_term_string}"},"query-input":"required name=search_term_string"}],"inLanguage":"de"},{"@type":"Organization","@id":"https:\/\/www.katia.com\/blog\/de\/#organization","name":"Fil Katia, S.A","url":"https:\/\/www.katia.com\/blog\/de\/","logo":{"@type":"ImageObject","inLanguage":"de","@id":"https:\/\/www.katia.com\/blog\/de\/#\/schema\/logo\/image\/","url":"https:\/\/www.katia.com\/blog\/wp-content\/uploads\/2016\/12\/logo_katia.svg","contentUrl":"https:\/\/www.katia.com\/blog\/wp-content\/uploads\/2016\/12\/logo_katia.svg","width":"600","height":"1200","caption":"Fil Katia, S.A"},"image":{"@id":"https:\/\/www.katia.com\/blog\/de\/#\/schema\/logo\/image\/"},"sameAs":["https:\/\/www.facebook.com\/KatiaYarns\/","https:\/\/twitter.com\/katiayarns","http:\/\/instagram.com\/katiayarns","https:\/\/www.linkedin.com\/company\/fil-katia\/","https:\/\/www.pinterest.com\/KatiaYarns\/","https:\/\/www.youtube.com\/c\/KatiaYarnsFabrics\/videos","https:\/\/www.tiktok.com\/@katiacrafts","https:\/\/www.instagram.com\/katiafabrics"]},{"@type":"Person","@id":"https:\/\/www.katia.com\/blog\/de\/#\/schema\/person\/2abcaa15cef4df708329c98f261e180b","name":"Katja Bode | Katia Garne &amp; Fabrics Team","url":"https:\/\/www.katia.com\/blog\/de\/author\/katja\/"}]}},"jetpack_featured_media_url":"https:\/\/i0.wp.com\/www.katia.com\/blog\/wp-content\/uploads\/2025\/01\/Kal_lanima-Shawl-q.jpg?fit=1200%2C1200&ssl=1","jetpack_likes_enabled":true,"jetpack_shortlink":"https:\/\/wp.me\/peUVQy-1kgt","jetpack_sharing_enabled":true,"_links":{"self":[{"href":"https:\/\/www.katia.com\/blog\/de\/wp-json\/wp\/v2\/posts\/316229"}],"collection":[{"href":"https:\/\/www.katia.com\/blog\/de\/wp-json\/wp\/v2\/posts"}],"about":[{"href":"https:\/\/www.katia.com\/blog\/de\/wp-json\/wp\/v2\/types\/post"}],"author":[{"embeddable":true,"href":"https:\/\/www.katia.com\/blog\/de\/wp-json\/wp\/v2\/users\/10"}],"replies":[{"embeddable":true,"href":"https:\/\/www.katia.com\/blog\/de\/wp-json\/wp\/v2\/comments?post=316229"}],"version-history":[{"count":3,"href":"https:\/\/www.katia.com\/blog\/de\/wp-json\/wp\/v2\/posts\/316229\/revisions"}],"predecessor-version":[{"id":316677,"href":"https:\/\/www.katia.com\/blog\/de\/wp-json\/wp\/v2\/posts\/316229\/revisions\/316677"}],"wp:featuredmedia":[{"embeddable":true,"href":"https:\/\/www.katia.com\/blog\/de\/wp-json\/wp\/v2\/media\/315294"}],"wp:attachment":[{"href":"https:\/\/www.katia.com\/blog\/de\/wp-json\/wp\/v2\/media?parent=316229"}],"wp:term":[{"taxonomy":"category","embeddable":true,"href":"https:\/\/www.katia.com\/blog\/de\/wp-json\/wp\/v2\/categories?post=316229"},{"taxonomy":"post_tag","embeddable":true,"href":"https:\/\/www.katia.com\/blog\/de\/wp-json\/wp\/v2\/tags?post=316229"}],"curies":[{"name":"wp","href":"https:\/\/api.w.org\/{rel}","templated":true}]}}